{"id":6291,"date":"2021-04-19T08:43:11","date_gmt":"2021-04-19T06:43:11","guid":{"rendered":"https:\/\/www.piegeareves.fr\/studio\/?p=6291"},"modified":"2025-02-28T15:46:52","modified_gmt":"2025-02-28T14:46:52","slug":"enregistrer-sa-voix","status":"publish","type":"post","link":"https:\/\/www.piegeareves.fr\/studio\/enregistrer-sa-voix\/","title":{"rendered":"Comment enregistrer sa voix comme en studio ?"},"content":{"rendered":"\n\n\n<div style=\"height:40px\" aria-hidden=\"true\" class=\"wp-block-spacer\"><\/div>\n\n\n\n<p>Tu as essay\u00e9 d&rsquo;enregistrer ta voix, mais \u00e7a sonne pire qu&rsquo;amateur ? On a l&rsquo;impression que tu as enregistr\u00e9 dans un hall d&rsquo;a\u00e9roport ? Il y a de l&rsquo;\u00e9cho, de la r\u00e9verb des bruits parasites, le son est agressif, trop charg\u00e9 en basse ? Voici quelques conseils simples pour enregistrer sa voix qui pourront te faire passer au-dessus des autres productions home studio.<\/p>\n\n\n\n<div style=\"height:40px\" aria-hidden=\"true\" class=\"wp-block-spacer\"><\/div>\n\n\n\n<h2 class=\"wp-block-heading\" id=\"garde-la-bonne-posture-face-au-micro\">Garde la bonne posture face au micro<\/h2>\n\n\n\n<p>Tout d&rsquo;abord je te conseille de chanter debout avec la t\u00eate droite il sera plus facile de bien projeter la voix et de donner la bonne \u00e9nergie. <\/p>\n\n\n\n<p>Le micro doit \u00e9videmment \u00eatre en face de ta bouche, si tu ne connais pas les paroles utilise un <a href=\"https:\/\/www.thomann.de\/fr\/pupitres1.html\" target=\"_blank\" aria-label=\"pupitre (opens in a new tab)\" rel=\"noopener nofollow sponsored\" class=\"rank-math-link\">pupitre<\/a> pour les positionner \u00e0 hauteur des yeux et ainsi \u00e9viter trop de mouvements qui pourraient se r\u00e9percuter sur la prise de son.<\/p>\n\n\n\n<p>Une erreur r\u00e9currente chez les amateurs est de chanter trop pr\u00e8s du micro. Si tu chantes coll\u00e9 au micro il y aura un effet de proximit\u00e9. C&rsquo;est une accentuation des graves qui peut sembler flatteur mais qui rendra la voix tr\u00e8s difficile \u00e0 mixer.<\/p>\n\n\n\n<p>Il ne sert effectivement \u00e0 rien d&rsquo;enregistrer un exc\u00e8s de grave pour les enlever au mixage avec un filtre passe haut. Il est important d&rsquo;avoir d\u00e9j\u00e0 en t\u00eate une id\u00e9e du son finale de la voix et de s&rsquo;en rapprocher \u00e0 la prise de son. Garde bien en t\u00eate que tout ne se fait pas au mixage, la prise de son est essentiel.<\/p>\n\n\n\n<p>La distance normale pour enregistrer la voix pour avoir un r\u00e9sultat facile \u00e0 mixer est de 25 \u00e0 30 cm. \u00c0 moins de vouloir volontairement un effet tr\u00e8s proche, tr\u00e8s intime, tu pourras alors te rapprocher de la membrane. \u00c9tant moins sensible pour un micro dynamique, tu pourras chanter plus pr\u00e8s entre 5 et 10 cm. N&rsquo;h\u00e9site pas \u00e0 faire des tests et \u00e9couter le r\u00e9sultat avant de tout enregistrer.<\/p>\n\n\n\n<div style=\"height:40px\" aria-hidden=\"true\" class=\"wp-block-spacer\"><\/div>\n\n\n\n<h2 class=\"wp-block-heading\" id=\"optimise-l-acoustique-de-ta-piece\">Optimise l&rsquo;acoustique de ta pi\u00e8ce<\/h2>\n\n\n\n<p>L&rsquo;acoustique de la pi\u00e8ce de prise de son est souvent le plus gros des probl\u00e8mes dans les enregistrements amateurs que je re\u00e7ois pour mixer. Il ne sert absolument \u00e0 rien d&rsquo;avoir un bon micro si l&rsquo;acoustique de la pi\u00e8ce n&rsquo;est pas adapt\u00e9 \u00e0 la prise de son !<\/p>\n\n\n\n<p>La premi\u00e8re chose \u00e0 faire est de privil\u00e9gier un endroit calme de l&rsquo;espace disponible. \u00c9vite les pi\u00e8ces donnant sur les bruits de rue, \u00e9vite de t&rsquo;enregistrer \u00e0 c\u00f4t\u00e9 de ton frigo. Si tu peux \u00e9loigne-toi de ton ordinateur qui g\u00e9n\u00e8re un bruit de ventilateur. M\u00eame si tu ne les entends pas beaucoup \u00e0 la prise de son les bruits des fonds risquent de remonter au mixage lorsque tu vas compresser la voix.<\/p>\n\n\n\n<p>Si tu n&rsquo;arrives pas \u00e0 t&rsquo;\u00e9loigner des sources sonores ind\u00e9sirables, tu peux opter pour des <a href=\"https:\/\/www.thomann.de\/fr\/absorbeurs_standards.html\" target=\"_blank\" aria-label=\"panneaux acoustiques absorbants (opens in a new tab)\" rel=\"noopener nofollow sponsored\" class=\"rank-math-link\">panneaux acoustiques absorbants<\/a>, pour faire une s\u00e9paration entre le micro et la source de bruit.<\/p>\n\n\n\n<p>Le deuxi\u00e8me probl\u00e8me acoustique fr\u00e9quent est l&rsquo;apparition de mauvais \u00e9chos ou de mauvaises r\u00e9verb\u00e9rations de la pi\u00e8ce due \u00e0 la forme de la pi\u00e8ce, et aux mat\u00e9riaux utilis\u00e9s. Ces probl\u00e8mes ne pourrons pas s&rsquo;enlever de la prise de son une fois enregistrer. Il est primordial de traiter le souci en amont avec des <a href=\"https:\/\/www.thomann.de\/fr\/diffuseurs.html\" target=\"_blank\" aria-label=\"diffuseurs (opens in a new tab)\" rel=\"noopener nofollow sponsored\" class=\"rank-math-link\">diffuseurs<\/a> et des <a aria-label=\"absorbeurs acoustiques (opens in a new tab)\" href=\"https:\/\/www.thomann.de\/fr\/absorbeurs_standards.html\" target=\"_blank\" rel=\"noopener nofollow sponsored\" class=\"rank-math-link\">absorbeurs acoustiques<\/a> adapt\u00e9s aux fr\u00e9quences de la voix.<\/p>\n\n\n\n<p>Une pi\u00e8ce en parquet est plus adapt\u00e9 \u00e0 la prise de son que du carrelage, une pi\u00e8ce mansard\u00e9e avec poutres apparentes, une pi\u00e8ce avec une biblioth\u00e8que sera bien mieux qu&rsquo;une pi\u00e8ce vide rectangulaire. Un exc\u00e8s de brillance peut \u00eatre corrig\u00e9 avec des rideaux lourd et de la moquette par exemple.<\/p>\n\n\n\n<p>Si tu n&rsquo;as pas le budget tu peux opter pour un <a label=\"\u00e9cran acoustique (opens in a new tab)\" href=\"https:\/\/www.thomann.de\/fr\/the_t.bone_micscreen_xl.htm\" target=\"_blank\" rel=\"noopener nofollow sponsored\" class=\"rank-math-link\">\u00e9cran acoustique<\/a> \u00e0 monter sur pied de micro. \u00c7a ne sera pas aussi efficace, mais c&rsquo;est mieux que rien. Tu peux aussi fabriquer des diffuseurs acoustique et des panneaux absorbant assez facilement si tu es bricoleur, il n&rsquo;y a rien de compliqu\u00e9. <\/p>\n\n\n\n<div style=\"height:40px\" aria-hidden=\"true\" class=\"wp-block-spacer\"><\/div>\n\n\n\n<h2 class=\"wp-block-heading\" id=\"quel-logiciel-pour-enregistrer-sa-voix\">Quel logiciel pour enregistrer sa voix ?<\/h2>\n\n\n\n<p>N&rsquo;importe quel DAW permet d&rsquo;enregistrer sa voix, pour ma part j&rsquo;utilise <strong><a label=\"Cubase Pro (opens in a new tab)\" class=\"rank-math-link\" href=\"https:\/\/www.thomann.de\/fr\/steinberg_cubase_pro_13_download.htm\" target=\"_blank\" rel=\"noopener nofollow sponsored\">Cubase Pro<\/a><\/strong>. <br>Si tu n&rsquo;as pas beaucoup de besoins en nombre de pistes tu peux opter pour <a label=\"Cubase Element (opens in a new tab)\" class=\"rank-math-link\" href=\"https:\/\/www.thomann.de\/fr\/steinberg_cubase_elements_13.htm\" target=\"_blank\" rel=\"noopener nofollow sponsored\"><strong>Cubase Element<\/strong><\/a> qui est limit\u00e9 \u00e0 48 pistes.<br>Sinon je te propose un super <a data-sumome-listbuilder-id=\"d6c58aac-057d-461a-a5ca-41e54072f0c4\">Logiciel Gratuit<\/a> avec lequel tu pourras enregistrer ta voix et bien plus. Un STAN complet pour enregistrer, \u00e9diter, mixer, masteriser&#8230;<\/p>\n\n\n\n<div style=\"height:40px\" aria-hidden=\"true\" class=\"wp-block-spacer\"><\/div>\n\n\n\n<h2 class=\"wp-block-heading\" id=\"quel-micro-pour-enregistrer-sa-voix\">Quel micro pour enregistrer sa voix ?<\/h2>\n\n\n\n<h3 class=\"wp-block-heading\" id=\"micro-a-condensateur\">Quel micro statique \u00e0 condensateur pour enregistrer sa voix ?<\/h3>\n\n\n\n<p>Une fois les probl\u00e8mes d&rsquo;acoustiques r\u00e9gl\u00e9s le choix du micro va directement influencer sur la qualit\u00e9 audio de l&rsquo;enregistrement de la voix.<\/p>\n\n\n\n<p>Pour le chant, il est souvent d&rsquo;usage de choisir un micro \u00e0 condensateur de directivit\u00e9 cardio\u00efde, il sera tr\u00e8s sensible et plus apte \u00e0 capter les d\u00e9tails qu&rsquo;un microphone dynamique. Le micro statique donne de la proximit\u00e9, enregistre les nuance, c&rsquo;est souvent le compagnon id\u00e9al pour enregistrer sa voix. Mais sa sensibilit\u00e9 ne pardonnera pas et enregistrera les moindres d\u00e9fauts, une mauvaise acoustique, des bruits de fonds&#8230; C&rsquo;est pourquoi il est \u00e0 pr\u00e9coniser dans de bonnes conditions d&rsquo;enregistrement.<\/p>\n\n\n\n<p>Il est pr\u00e9f\u00e9rable pour l&rsquo;enregistrement d&rsquo;utiliser un micro XLR plut\u00f4t qu&rsquo;un micro USB qui est plut\u00f4t \u00e0 r\u00e9server au podcast.<\/p>\n\n\n\n<p><strong>Voici quelques r\u00e9f\u00e9rences de micros statiques selon ton budget : <\/strong><\/p>\n\n\n\n<div style=\"height:40px\" aria-hidden=\"true\" class=\"wp-block-spacer\"><\/div>\n\n\n\n<hr class=\"wp-block-separator has-css-opacity\"\/>\n\n\n\n<h4 class=\"wp-block-heading\" id=\"blue-spark-sl\">Blue Spark SL<\/h4>\n\n\n\n<p>Le <strong>Blue Spark SL<\/strong> est un micro transparent, d\u00e9taill\u00e9, \u00e9quilibr\u00e9, \u00e9quip\u00e9 de  transistors JFet et d&rsquo;un circuit silencieux de classe A. Et comme tous les microphones de la marque le design est soign\u00e9, sort de l&rsquo;ordinaire, dot\u00e9 d&rsquo;une superbe qualit\u00e9 de fabrication qui il ne laisse pas indiff\u00e9rent. Un tr\u00e8s bon microphone pour moins de 200\u20ac.<\/p>\n\n\n\n<div style=\"height:40px\" aria-hidden=\"true\" class=\"wp-block-spacer\"><\/div>\n\n\n\n<figure class=\"wp-block-embed is-type-rich is-provider-soundcloud wp-block-embed-soundcloud wp-embed-aspect-4-3 wp-has-aspect-ratio\"><div class=\"wp-block-embed__wrapper\">\n<iframe loading=\"lazy\" title=\"Spark SL by Blue Microphones\" width=\"1200\" height=\"450\" scrolling=\"no\" frameborder=\"no\" src=\"https:\/\/w.soundcloud.com\/player\/?visual=true&#038;url=https%3A%2F%2Fapi.soundcloud.com%2Fplaylists%2F291866864&#038;show_artwork=true&#038;maxheight=1000&#038;maxwidth=1200\"><\/iframe>\n<\/div><figcaption>Enregistrer sa voix : Blue Spark SL<\/figcaption><\/figure>\n\n\n\n<div style=\"height:40px\" aria-hidden=\"true\" class=\"wp-block-spacer\"><\/div>\n\n\n\n<div class=\"wp-block-buttons is-horizontal is-content-justification-center is-layout-flex wp-container-core-buttons-is-layout-499968f5 wp-block-buttons-is-layout-flex\"><\/div>\n\n\n\n<div style=\"height:40px\" aria-hidden=\"true\" class=\"wp-block-spacer\"><\/div>\n\n\n\n<hr class=\"wp-block-separator has-css-opacity\"\/>\n\n\n\n<h4 class=\"wp-block-heading\" id=\"rode-nt1\"><a href=\"https:\/\/www.thomann.de\/fr\/rode_nt1a_complete_vocal_bundle.htm\" target=\"_blank\" rel=\"noopener nofollow sponsored\">Rode NT1<\/a> <\/h4>\n\n\n\n<p>Le <strong><a label=\"Rode NT1 (opens in a new tab)\" href=\"https:\/\/www.thomann.de\/fr\/rode_nt1a_complete_vocal_bundle.htm\" target=\"_blank\" rel=\"noopener nofollow sponsored\" class=\"rank-math-link\">Rode NT1<\/a><\/strong> est un micro tr\u00e8s silencieux avec un bruit propre extr\u00eamement faible seulement 4,5dB, et tr\u00e8s clean pour le prix. La capsule HF6 a \u00e9t\u00e9 travaill\u00e9 pour obtenir des fr\u00e9quences aigus douces, un bas chaleureux, \u00e9quilibr\u00e9 et un medium pr\u00e9cis. Un tr\u00e8s bon microphone pour la voix, avec un excellent rapport qualit\u00e9 prix.<\/p>\n\n\n\n<div style=\"height:40px\" aria-hidden=\"true\" class=\"wp-block-spacer\"><\/div>\n\n\n\n<figure class=\"wp-block-embed is-type-rich is-provider-soundcloud wp-block-embed-soundcloud wp-embed-aspect-4-3 wp-has-aspect-ratio\"><div class=\"wp-block-embed__wrapper\">\n<iframe loading=\"lazy\" title=\"NT1 by rodemics\" width=\"1200\" height=\"450\" scrolling=\"no\" frameborder=\"no\" src=\"https:\/\/w.soundcloud.com\/player\/?visual=true&#038;url=https%3A%2F%2Fapi.soundcloud.com%2Fplaylists%2F13538283&#038;show_artwork=true&#038;maxheight=1000&#038;maxwidth=1200\"><\/iframe>\n<\/div><figcaption>Enregistrer sa voix : Rode NT1<\/figcaption><\/figure>\n\n\n\n<div style=\"height:40px\" aria-hidden=\"true\" class=\"wp-block-spacer\"><\/div>\n\n\n\n<div class=\"wp-block-buttons is-horizontal is-content-justification-center is-layout-flex wp-container-core-buttons-is-layout-499968f5 wp-block-buttons-is-layout-flex\">\n<div class=\"wp-block-button is-style-primary\"><a class=\"wp-block-button__link has-neve-link-hover-color-background-color has-background\" href=\"https:\/\/www.thomann.de\/fr\/rode_nt1a_complete_vocal_bundle.htm\" target=\"_blank\" rel=\"noopener nofollow sponsored\">Rode nt1<\/a><\/div>\n<\/div>\n\n\n\n<div style=\"height:40px\" aria-hidden=\"true\" class=\"wp-block-spacer\"><\/div>\n\n\n\n<hr class=\"wp-block-separator has-css-opacity\"\/>\n\n\n\n<h4 class=\"wp-block-heading\" id=\"blue-baby-bottle\"><a href=\"https:\/\/amzn.to\/4eeCBUD\" target=\"_blank\" rel=\"noopener nofollow sponsored\">Blue Baby Bottle<\/a><\/h4>\n\n\n\n<p>Le <strong><a label=\"Blue Baby Bottle (opens in a new tab)\" href=\"https:\/\/amzn.to\/4eeCBUD\" target=\"_blank\" rel=\"noopener nofollow sponsored\" class=\"rank-math-link\">Blue Baby Bottle<\/a><\/strong> est un microphone \u00e9quip\u00e9 de circuit silencieux de classe A aux aigus doux avec une belle pr\u00e9sence dans les m\u00e9diums qui n\u2019est pas sans rappeler le caract\u00e8re de certains grands micros vintage. De l&rsquo;\u00e2me dans ce micro avec une tr\u00e8s belle signature sonore pour un super prix.<\/p>\n\n\n\n<div style=\"height:40px\" aria-hidden=\"true\" class=\"wp-block-spacer\"><\/div>\n\n\n\n<figure class=\"wp-block-embed is-type-rich is-provider-soundcloud wp-block-embed-soundcloud wp-embed-aspect-4-3 wp-has-aspect-ratio\"><div class=\"wp-block-embed__wrapper\">\n<iframe loading=\"lazy\" title=\"Baby Bottle SL by Blue Microphones\" width=\"1200\" height=\"450\" scrolling=\"no\" frameborder=\"no\" src=\"https:\/\/w.soundcloud.com\/player\/?visual=true&#038;url=https%3A%2F%2Fapi.soundcloud.com%2Fplaylists%2F291865187&#038;show_artwork=true&#038;maxheight=1000&#038;maxwidth=1200\"><\/iframe>\n<\/div><figcaption>Enregistrer sa voix : Blue Baby Bottle<\/figcaption><\/figure>\n\n\n\n<div style=\"height:40px\" aria-hidden=\"true\" class=\"wp-block-spacer\"><\/div>\n\n\n\n<div class=\"wp-block-buttons is-horizontal is-content-justification-center is-layout-flex wp-container-core-buttons-is-layout-499968f5 wp-block-buttons-is-layout-flex\">\n<div class=\"wp-block-button is-style-primary\"><a class=\"wp-block-button__link has-neve-link-hover-color-background-color has-background\" href=\"https:\/\/amzn.to\/4eeCBUD\" target=\"_blank\" rel=\"noopener nofollow sponsored\">Blue baby bottle<\/a><\/div>\n<\/div>\n\n\n\n<div style=\"height:40px\" aria-hidden=\"true\" class=\"wp-block-spacer\"><\/div>\n\n\n\n<hr class=\"wp-block-separator has-css-opacity\"\/>\n\n\n\n<h4 class=\"wp-block-heading\" id=\"rode-ntk\"><a href=\"https:\/\/www.thomann.de\/fr\/rode_ntk_inkl_spinne.htm\" target=\"_blank\" rel=\"noopener nofollow sponsored\">Rode NTK<\/a><\/h4>\n\n\n\n<p>Le <strong><a href=\"https:\/\/www.thomann.de\/fr\/rode_ntk_inkl_spinne.htm\" target=\"_blank\" aria-label=\"Rode Ntk (opens in a new tab)\" rel=\"noopener nofollow sponsored\" class=\"rank-math-link\">Rode Ntk<\/a><\/strong> est un micro \u00e0 lampe \u00e9quip\u00e9 d\u2019un circuit de classe A et d\u2019un tube double triode 6922. Il en r\u00e9sulte un son est tr\u00e8s dynamique o\u00f9 chaleur et clart\u00e9 sont au rendez-vous pour un prix tout \u00e0 fait convenable. <\/p>\n\n\n\n<div style=\"height:40px\" aria-hidden=\"true\" class=\"wp-block-spacer\"><\/div>\n\n\n\n<figure class=\"wp-block-embed is-type-rich is-provider-soundcloud wp-block-embed-soundcloud wp-embed-aspect-4-3 wp-has-aspect-ratio\"><div class=\"wp-block-embed__wrapper\">\n<iframe loading=\"lazy\" title=\"NTK by rodemics\" width=\"1200\" height=\"450\" scrolling=\"no\" frameborder=\"no\" src=\"https:\/\/w.soundcloud.com\/player\/?visual=true&#038;url=https%3A%2F%2Fapi.soundcloud.com%2Fplaylists%2F17499059&#038;show_artwork=true&#038;maxheight=1000&#038;maxwidth=1200\"><\/iframe>\n<\/div><figcaption>Enregistrer sa voix : Rode NTK<\/figcaption><\/figure>\n\n\n\n<div style=\"height:40px\" aria-hidden=\"true\" class=\"wp-block-spacer\"><\/div>\n\n\n\n<div class=\"wp-block-buttons is-horizontal is-content-justification-center is-layout-flex wp-container-core-buttons-is-layout-499968f5 wp-block-buttons-is-layout-flex\">\n<div class=\"wp-block-button is-style-primary\"><a class=\"wp-block-button__link has-neve-link-hover-color-background-color has-background\" href=\"https:\/\/www.thomann.de\/fr\/rode_ntk_inkl_spinne.htm\" target=\"_blank\" rel=\"noopener nofollow sponsored\">Rode NTK<\/a><\/div>\n<\/div>\n\n\n\n<div style=\"height:40px\" aria-hidden=\"true\" class=\"wp-block-spacer\"><\/div>\n\n\n\n<hr class=\"wp-block-separator has-css-opacity\"\/>\n\n\n\n<h4 class=\"wp-block-heading\" id=\"audio-technica-at4047\"><a href=\"https:\/\/www.audio-technica.com\/fr-fr\/at4047-sv\" target=\"_blank\" rel=\"noopener nofollow sponsored\">Audio-Technica AT4047<\/a><\/h4>\n\n\n\n<p>L&rsquo;<strong><a href=\"https:\/\/www.audio-technica.com\/fr-fr\/at4047-sv\" target=\"_blank\" rel=\"noopener nofollow sponsored\">Audio-Technica AT4047<\/a> <\/strong>est un micro aux aigus doux en comparaison de certains micros modernes qui rendent de l&rsquo;agressivit\u00e9. Le son est color\u00e9, riche,  chaleureux et super dynamique, le micro encaisse fort. Comme son nom l&rsquo;indique l&rsquo;AT 4047 est un micro inspir\u00e9 du fameux Neumann U47 FET pour 5 fois moins cher.<\/p>\n\n\n\n<div style=\"height:40px\" aria-hidden=\"true\" class=\"wp-block-spacer\"><\/div>\n\n\n\n<div class=\"wp-block-buttons is-horizontal is-content-justification-center is-layout-flex wp-container-core-buttons-is-layout-499968f5 wp-block-buttons-is-layout-flex\">\n<div class=\"wp-block-button is-style-primary\"><a class=\"wp-block-button__link has-neve-link-hover-color-background-color has-background\" href=\"https:\/\/www.audio-technica.com\/fr-fr\/at4047-sv\" target=\"_blank\" rel=\"noopener nofollow sponsored\">AT 4047<\/a><\/div>\n<\/div>\n\n\n\n<div style=\"height:40px\" aria-hidden=\"true\" class=\"wp-block-spacer\"><\/div>\n\n\n\n<hr class=\"wp-block-separator has-css-opacity\"\/>\n\n\n\n<h4 class=\"wp-block-heading\" id=\"akg-c414\"><a href=\"https:\/\/www.thomann.de\/fr\/akg_c414_xlii.htm\" target=\"_blank\" aria-label=\" (opens in a new tab)\" rel=\"noopener nofollow sponsored\" class=\"rank-math-link\">AKG C414<\/a><\/h4>\n\n\n\n<p>L&rsquo;<strong><a aria-label=\"AKG C414 XLII (opens in a new tab)\" class=\"rank-math-link\" href=\"https:\/\/www.thomann.de\/fr\/akg_c414_xlii.htm\" target=\"_blank\" rel=\"noopener nofollow sponsored\">AKG C414 XLII<\/a><\/strong> est une \u00e9volution du mythique <strong>AKG C12<\/strong> dont il en garde certaines caract\u00e9ristiques. C&rsquo;est un grand classique qui a fait ses preuves sur un grand nombre d&rsquo;albums, il \u00e9quipe un tr\u00e8s grand nombre de studios d&rsquo;enregistrements professionnels. Une valeur s\u00fbre d&rsquo;une polyvalence \u00e0 toutes \u00e9preuves. Gr\u00e2ce \u00e0 sa capsule CK 12 Ce microphone poss\u00e8de des aigus tr\u00e8s pr\u00e9cis et tr\u00e8s d\u00e9fini avec une belle brillance qui permettent de percer le mix assez facilement et de capter les moindres d\u00e9tails.<\/p>\n\n\n\n<div style=\"height:40px\" aria-hidden=\"true\" class=\"wp-block-spacer\"><\/div>\n\n\n\n<div class=\"wp-block-buttons is-horizontal is-content-justification-center is-layout-flex wp-container-core-buttons-is-layout-499968f5 wp-block-buttons-is-layout-flex\">\n<div class=\"wp-block-button is-style-primary\"><a class=\"wp-block-button__link has-neve-link-hover-color-background-color has-background\" href=\"https:\/\/www.thomann.de\/fr\/akg_c414_xlii.htm\" target=\"_blank\" rel=\"noopener nofollow sponsored\"><strong>AKG C414 XLII<\/strong><\/a><\/div>\n<\/div>\n\n\n\n<div style=\"height:40px\" aria-hidden=\"true\" class=\"wp-block-spacer\"><\/div>\n\n\n\n<hr class=\"wp-block-separator has-css-opacity\"\/>\n\n\n\n<h4 class=\"wp-block-heading\" id=\"soyuz-023-bomblet\"><a href=\"https:\/\/www.woodbrass.com\/micros-statiques-large-capsule-pro-soyuz-microphones-023-bomblet-p302070.html?utm_source=affilae&amp;utm_medium=affiliation&amp;utm_campaign=PAR%20Record&amp;utm_term=30#ae30\" target=\"_blank\" rel=\"noopener nofollow sponsored\">Soyuz 023 Bomblet<\/a><\/h4>\n\n\n\n<p>Dans la grande tradition des micros Russe. Soyuz fabriquent ses micros \u00e0 la main, ils sont aussi beaux \u00e0 l&rsquo;ext\u00e9rieur, \u00e0 l&rsquo;int\u00e9rieur que bon au niveau du son.&nbsp; Le <strong><a href=\"https:\/\/www.woodbrass.com\/micros-statiques-large-capsule-pro-soyuz-microphones-023-bomblet-p302070.html?utm_source=affilae&amp;utm_medium=affiliation&amp;utm_campaign=PAR%20Record&amp;utm_term=30#ae30\" target=\"_blank\" rel=\"noopener nofollow sponsored\">Soyuz 023 Bomblet<\/a><\/strong> est une petite bombe. La capsule est une r\u00e9interpr\u00e9tation de la fameuse capsule CK12 de Lomo (Grande marque de micro Russe Vintage). Il en r\u00e9sulte un bas \u00e9pais, des m\u00e9diums riche et prononc\u00e9s et des aigus d\u00e9taill\u00e9s. Un superb microphone clair et color\u00e9.<\/p>\n\n\n\n<div style=\"height:40px\" aria-hidden=\"true\" class=\"wp-block-spacer\"><\/div>\n\n\n\n<figure class=\"wp-block-embed is-type-rich is-provider-soundcloud wp-block-embed-soundcloud wp-embed-aspect-4-3 wp-has-aspect-ratio\"><div class=\"wp-block-embed__wrapper\">\n<iframe loading=\"lazy\" title=\"Soyuz 023 BOMBLET - Listening Library by Soyuz Microphones\" width=\"1200\" height=\"450\" scrolling=\"no\" frameborder=\"no\" src=\"https:\/\/w.soundcloud.com\/player\/?visual=true&#038;url=https%3A%2F%2Fapi.soundcloud.com%2Fplaylists%2F711983952&#038;show_artwork=true&#038;maxheight=1000&#038;maxwidth=1200\"><\/iframe>\n<\/div><figcaption>Enregistrer sa voix : Soyuz 023 Bomblet<\/figcaption><\/figure>\n\n\n\n<div style=\"height:40px\" aria-hidden=\"true\" class=\"wp-block-spacer\"><\/div>\n\n\n\n<div class=\"wp-block-buttons is-horizontal is-content-justification-center is-layout-flex wp-container-core-buttons-is-layout-499968f5 wp-block-buttons-is-layout-flex\">\n<div class=\"wp-block-button is-style-primary\"><a class=\"wp-block-button__link has-neve-link-hover-color-background-color has-background\" href=\"https:\/\/www.woodbrass.com\/micros-statiques-large-capsule-pro-soyuz-microphones-023-bomblet-p302070.html?utm_source=affilae&amp;utm_medium=affiliation&amp;utm_campaign=PAR%20Record&amp;utm_term=30#ae30\" target=\"_blank\" rel=\"noopener nofollow sponsored\">Soyuz 023 bomblet<\/a><\/div>\n<\/div>\n\n\n\n<div style=\"height:40px\" aria-hidden=\"true\" class=\"wp-block-spacer\"><\/div>\n\n\n\n<hr class=\"wp-block-separator has-css-opacity\"\/>\n\n\n\n<h4 class=\"wp-block-heading\" id=\"lauten-audio-atlantis-fc-387\"><a href=\"https:\/\/www.thomann.de\/fr\/lauten_audio_atlantis_fc_387.htm\" target=\"_blank\" rel=\"noopener nofollow sponsored\">Lauten Audio Atlantis FC-387<\/a><\/h4>\n\n\n\n<p>Le <a aria-label=\"ATLANTIS FC-387 (opens in a new tab)\" href=\"https:\/\/www.thomann.de\/fr\/lauten_audio_atlantis_fc_387.htm\" target=\"_blank\" rel=\"noopener nofollow sponsored\" class=\"rank-math-link\"><strong>ATLANTIS FC-387<\/strong><\/a> est un micro am\u00e9ricain \u00e0 FET extr\u00eamement polyvalent. Il a \u00e9t\u00e9 r\u00e9alis\u00e9 en \u00e9troite collaboration avec le c\u00e9l\u00e8bre ing\u00e9 son fran\u00e7ais <strong>Fab Dupont<\/strong>. Un s\u00e9lecteur 3 positions permet d&rsquo;obtenir le caract\u00e8re de 3 microphones diff\u00e9rents. FOWARD permet d&rsquo;obtenir un son d\u00e9taill\u00e9 et moderne. NEUTRAL un son neutre et naturel. Et GENTLE un son plus sombre, chaud et feutr\u00e9 \u00e0 l&rsquo;image des micros \u00e0 ruban. 3 micros au superbe caract\u00e8re dans ce <strong>Lauten<\/strong>, un micro qui laisse beaucoup de possibilit\u00e9s toujours avec classe.<\/p>\n\n\n\n<div style=\"height:40px\" aria-hidden=\"true\" class=\"wp-block-spacer\"><\/div>\n\n\n\n<figure class=\"wp-block-embed aligncenter is-type-video is-provider-youtube wp-block-embed-youtube wp-embed-aspect-16-9 wp-has-aspect-ratio\"><div class=\"wp-block-embed__wrapper\">\n<div class=\"nv-iframe-embed\"><iframe loading=\"lazy\" title=\"Jake Wells - Left Handed (The Lonely Piano Session)\" width=\"1200\" height=\"675\" src=\"https:\/\/www.youtube.com\/embed\/caPVlU3bte0?feature=oembed\" frameborder=\"0\" allow=\"accelerometer; autoplay; clipboard-write; encrypted-media; gyroscope; picture-in-picture\" allowfullscreen><\/iframe><\/div>\n<\/div><figcaption>Enregistrer sa voix : Lauten Audio Atlantis FC-387<\/figcaption><\/figure>\n\n\n\n<div style=\"height:40px\" aria-hidden=\"true\" class=\"wp-block-spacer\"><\/div>\n\n\n\n<div class=\"wp-block-buttons is-horizontal is-content-justification-center is-layout-flex wp-container-core-buttons-is-layout-499968f5 wp-block-buttons-is-layout-flex\">\n<div class=\"wp-block-button is-style-primary\"><a class=\"wp-block-button__link has-neve-link-hover-color-background-color has-background\" href=\"https:\/\/www.thomann.de\/fr\/lauten_audio_atlantis_fc_387.htm\" target=\"_blank\" rel=\"noopener nofollow sponsored\">Lauten Audio Atlantis FC-387<\/a><\/div>\n<\/div>\n\n\n\n<div style=\"height:40px\" aria-hidden=\"true\" class=\"wp-block-spacer\"><\/div>\n\n\n\n<hr class=\"wp-block-separator has-css-opacity\"\/>\n\n\n\n<h4 class=\"wp-block-heading\" id=\"soyuz-017-fet\"><a href=\"https:\/\/www.thomann.de\/fr\/soyuz_017_fet.htm\" target=\"_blank\" rel=\"noopener nofollow sponsored\">Soyuz 017 FET<\/a><\/h4>\n\n\n\n<p>Le <a href=\"https:\/\/www.thomann.de\/fr\/soyuz_017_fet.htm\" target=\"_blank\" rel=\"noopener nofollow sponsored\"><strong>Soyuz 017 FET<\/strong><\/a> micro au son ample g\u00e9n\u00e9reux, chaleureux  avec des aigus ouverts, un medium somptueux et un bas robuste, une nouvelle r\u00e9f\u00e9rence dans l&rsquo;esprit des grandes classique vintage type <strong>Neumann U67<\/strong>. Un son magnifique avec la m\u00eame qualit\u00e9 de fabrication qu&rsquo;\u00e0 la belle \u00e9poque des microphones enti\u00e8rement r\u00e9alis\u00e9 \u00e0 la main et \u00e9quip\u00e9 d&rsquo;une capsule inspir\u00e9e de la K67 mont\u00e9e sur les <strong><a aria-label=\"Neumann U67 (opens in a new tab)\" class=\"rank-math-link\" href=\"https:\/\/www.thomann.de\/fr\/neumann_u67_set.htm\" target=\"_blank\" rel=\"noopener nofollow sponsored\">Neumann U67<\/a><\/strong> et <strong><a aria-label=\"Neumann U87 (opens in a new tab)\" class=\"rank-math-link\" href=\"https:\/\/www.thomann.de\/fr\/neumann_u87_ai.htm\" target=\"_blank\" rel=\"noopener nofollow sponsored\">Neumann U87<\/a><\/strong>. Du grand art d\u00e9tr\u00f4nant tous les Neumann moderne  !<\/p>\n\n\n\n<div style=\"height:40px\" aria-hidden=\"true\" class=\"wp-block-spacer\"><\/div>\n\n\n\n<figure class=\"wp-block-embed is-type-rich is-provider-soundcloud wp-block-embed-soundcloud wp-embed-aspect-4-3 wp-has-aspect-ratio\"><div class=\"wp-block-embed__wrapper\">\n<iframe loading=\"lazy\" title=\"017 Series by Soyuz Microphones\" width=\"1200\" height=\"450\" scrolling=\"no\" frameborder=\"no\" src=\"https:\/\/w.soundcloud.com\/player\/?visual=true&#038;url=https%3A%2F%2Fapi.soundcloud.com%2Fplaylists%2F868560416&#038;show_artwork=true&#038;maxheight=1000&#038;maxwidth=1200\"><\/iframe>\n<\/div><figcaption>Enregistrer sa voix : Soyuz 017 FET<\/figcaption><\/figure>\n\n\n\n<div style=\"height:40px\" aria-hidden=\"true\" class=\"wp-block-spacer\"><\/div>\n\n\n\n<div class=\"wp-block-buttons is-horizontal is-content-justification-center is-layout-flex wp-container-core-buttons-is-layout-499968f5 wp-block-buttons-is-layout-flex\">\n<div class=\"wp-block-button is-style-primary\"><a class=\"wp-block-button__link has-neve-link-hover-color-background-color has-background\" href=\"https:\/\/www.thomann.de\/fr\/soyuz_017_fet.htm\" target=\"_blank\" rel=\"noopener nofollow sponsored\">Soyuz 017 FET<\/a><\/div>\n<\/div>\n\n\n\n<div style=\"height:40px\" aria-hidden=\"true\" class=\"wp-block-spacer\"><\/div>\n\n\n\n<hr class=\"wp-block-separator has-css-opacity\"\/>\n\n\n\n<h4 class=\"wp-block-heading\" id=\"microtech-gefell-m-92-1-s\"><a href=\"https:\/\/www.woodbrass.com\/microphones-a-lampe-microtech-gefell-cmv563\/m7s-p184925.html?utm_source=affilae&amp;utm_support=affiliation&amp;utm_campaign=piegeareves#ae30\" target=\"_blank\" rel=\"noopener nofollow sponsored\">Microtech Gefell M 92.1 S<\/a><\/h4>\n\n\n\n<p>Le <strong><a href=\"https:\/\/www.woodbrass.com\/microphones-a-lampe-microtech-gefell-cmv563\/m7s-p184925.html?utm_source=affilae&amp;utm_support=affiliation&amp;utm_campaign=piegeareves#ae30\" target=\"_blank\" rel=\"noopener nofollow sponsored\">Microtech Gefell M 92.1 S<\/a><\/strong> est un micro \u00e0 lampe \u00e9quip\u00e9 de la fameuse capsule <strong>M7 PVC<\/strong> qui \u00e9quipait le <strong>Neumann U47<\/strong> vintage et le <a aria-label=\"Microtech Geffel CMV 563 (opens in a new tab)\" class=\"rank-math-link\" href=\"https:\/\/www.woodbrass.com\/microphones-a-lampe-microtech-gefell-cmv563\/m7s-p184925.html?utm_source=affilae&amp;utm_support=affiliation&amp;utm_campaign=piegeareves#ae30\" target=\"_blank\" rel=\"noopener nofollow sponsored\"><strong>Microtech Geffel CMV 563<\/strong><\/a>. C&rsquo;est un des rares fabricants a encore utilis\u00e9 et produire ces capsules PVC dans ces microphones. Le circuit est bas\u00e9 sur un tube EF86, le micro donne un son ample, plein, chaud, incroyablement droit et juste. <strong>Microtech Geffel<\/strong> a \u00e9t\u00e9 fond\u00e9 par <strong>Georg Neumann<\/strong> et selon moi garde la tradition des grands micros allemand de l&rsquo;\u00e9poque plus que <strong>Neumann<\/strong> actuel. Un tr\u00e8s grand microphone.<\/p>\n\n\n\n<div style=\"height:40px\" aria-hidden=\"true\" class=\"wp-block-spacer\"><\/div>\n\n\n\n<div class=\"wp-block-buttons is-horizontal is-content-justification-center is-layout-flex wp-container-core-buttons-is-layout-499968f5 wp-block-buttons-is-layout-flex\">\n<div class=\"wp-block-button is-style-primary\"><a class=\"wp-block-button__link has-neve-link-hover-color-background-color has-background\" href=\"https:\/\/www.woodbrass.com\/microphones-a-lampe-microtech-gefell-m92.1s-p184974.html?utm_source=affilae&amp;utm_support=affiliation&amp;utm_campaign=piegeareves#ae30\" target=\"_blank\" rel=\"noopener nofollow sponsored\">Microtech Gefell M 92.1 S<\/a><\/div>\n<\/div>\n\n\n\n<div style=\"height:40px\" aria-hidden=\"true\" class=\"wp-block-spacer\"><\/div>\n\n\n\n<hr class=\"wp-block-separator has-css-opacity\"\/>\n\n\n\n<h4 class=\"wp-block-heading\" id=\"soyuz-017-tube\"><a href=\"https:\/\/www.thomann.de\/fr\/soyuz_017_tube.htm\" target=\"_blank\" rel=\"noopener nofollow sponsored\">Soyuz 017 Tube<\/a><\/h4>\n\n\n\n<p><a href=\"https:\/\/www.thomann.de\/fr\/soyuz_017_tube.htm\" target=\"_blank\" rel=\"noopener nofollow sponsored\"><strong>Soyuz 017 Tube<\/strong><\/a> est la version \u00e0 lampe du 017, le son obtenus est plus doux sur les aigus plus soft sur les transitoires et plus color\u00e9. Un concurrent direct du <strong>Neumann U47<\/strong> \u00e0 lampe vintage ou <strong><a href=\"https:\/\/www.thomann.de\/fr\/neumann_u67_set.htm\" target=\"_blank\" rel=\"noopener nofollow sponsored\">Neumann U67<\/a><\/strong>. Simplement magnifique.<\/p>\n\n\n\n<div style=\"height:40px\" aria-hidden=\"true\" class=\"wp-block-spacer\"><\/div>\n\n\n\n<figure class=\"wp-block-embed is-type-rich is-provider-soundcloud wp-block-embed-soundcloud wp-embed-aspect-4-3 wp-has-aspect-ratio\"><div class=\"wp-block-embed__wrapper\">\n<iframe loading=\"lazy\" title=\"017 Series by Soyuz Microphones\" width=\"1200\" height=\"450\" scrolling=\"no\" frameborder=\"no\" src=\"https:\/\/w.soundcloud.com\/player\/?visual=true&#038;url=https%3A%2F%2Fapi.soundcloud.com%2Fplaylists%2F868560416&#038;show_artwork=true&#038;maxheight=1000&#038;maxwidth=1200\"><\/iframe>\n<\/div><figcaption>Enregistrer sa voix : Soyuz 017 Tube<\/figcaption><\/figure>\n\n\n\n<div style=\"height:40px\" aria-hidden=\"true\" class=\"wp-block-spacer\"><\/div>\n\n\n\n<div class=\"wp-block-buttons is-horizontal is-content-justification-center is-layout-flex wp-container-core-buttons-is-layout-499968f5 wp-block-buttons-is-layout-flex\">\n<div class=\"wp-block-button is-style-primary\"><a class=\"wp-block-button__link has-neve-link-hover-color-background-color has-background\" href=\"https:\/\/www.thomann.de\/fr\/soyuz_017_tube.htm\" target=\"_blank\" rel=\"noopener nofollow sponsored\">Soyuz 017 Tube<\/a><\/div>\n<\/div>\n\n\n\n<div style=\"height:40px\" aria-hidden=\"true\" class=\"wp-block-spacer\"><\/div>\n\n\n\n<hr class=\"wp-block-separator has-css-opacity\"\/>\n\n\n\n<p class=\"has-text-align-center\"><strong>Ma liste de <a label=\"de micro statique pour enregistrer sa voix (opens in a new tab)\" href=\"https:\/\/redir.love\/thocf\/47rej51q9w\" target=\"_blank\" rel=\"noopener nofollow sponsored\" class=\"rank-math-link\">micros statiques pour enregistrer sa voix<\/a><\/strong><\/p>\n\n\n\n<hr class=\"wp-block-separator has-css-opacity\"\/>\n\n\n\n<div style=\"height:40px\" aria-hidden=\"true\" class=\"wp-block-spacer\"><\/div>\n\n\n\n<h3 class=\"wp-block-heading\" id=\"quelle-micro-dynamique-pour-enregistrer-sa-voix\">Quelle micro dynamique pour enregistrer sa voix ?<\/h3>\n\n\n\n<p>Si l&rsquo;acoustique de ta pi\u00e8ce n&rsquo;est pas adapt\u00e9 il peut s&rsquo;av\u00e9rer b\u00e9n\u00e9fique d&rsquo;opter pour un bon micro dynamique qui parce qu&rsquo;il est moins sensible prendra moins le son de la pi\u00e8ce. Il sera moins d\u00e9taill\u00e9 qu&rsquo;un statique, et ne sera donc pas adapt\u00e9 \u00e0 tous les styles. Un bon dynamique peut fonctionner pour des prises de son rock et rap entre autres.<\/p>\n\n\n\n<p>Le micro dynamique donne moins de gain qu&rsquo;un micro \u00e0 condensateur, il sera important de lui coupler un bon pr\u00e9ampli permettant de le driver correctement.<\/p>\n\n\n\n<p><strong>Voici trois micros dynamiques excellent pour la voix entre autres :<\/strong><\/p>\n\n\n\n<div style=\"height:40px\" aria-hidden=\"true\" class=\"wp-block-spacer\"><\/div>\n\n\n\n<hr class=\"wp-block-separator has-css-opacity\"\/>\n\n\n\n<h4 class=\"wp-block-heading\" id=\"shure-sm7b\"><a href=\"https:\/\/www.thomann.de\/fr\/shure_sm_7b_studiomikro.htm\" target=\"_blank\" rel=\"noopener nofollow sponsored\">Shure SM7B<\/a><\/h4>\n\n\n\n<p>Le <strong><a label=\"Shure SM7B (opens in a new tab)\" href=\"https:\/\/www.thomann.de\/fr\/shure_sm_7b_studiomikro.htm\" target=\"_blank\" rel=\"noopener nofollow sponsored\" class=\"rank-math-link\">Shure SM7B<\/a> <\/strong>est \u00e0 la base un micro de broadcast, c&rsquo;un super micro dynamique tr\u00e8s robuste  qui peut \u00eatre adapt\u00e9 aux voix rock, rap ou autres. Il a \u00e9t\u00e9 utilis\u00e9 sur les voix de <strong>Michael Jackson<\/strong> sur l&rsquo;album <strong>Thriller<\/strong>, ou sur la voix des <strong>Red Hot Chilli Peppers<\/strong>, qui en a fait sa renomm\u00e9e entre autre.<\/p>\n\n\n\n<p>Le <strong>SM7B<\/strong> est un micro assez charg\u00e9 en bas, il rend les voix chaudes assez douce et proche, il pourra donner de superbes r\u00e9sultats avec certaines voix et un tr\u00e8s bon pr\u00e9ampli. De plus si tes conditions d&rsquo;enregistrement ne sont pas bonnes il a un blindage \u00e9lectromagn\u00e9tique qui imiterons les interf\u00e9rences dus aux autre \u00e9quipements \u00e9lectriques, un antipop et une suspension int\u00e9gr\u00e9e qui limiterons les bruits m\u00e9caniques et qui permettent d&rsquo;avoir un son plus propre.<\/p>\n\n\n\n<div style=\"height:40px\" aria-hidden=\"true\" class=\"wp-block-spacer\"><\/div>\n\n\n\n<figure class=\"wp-block-embed is-type-video is-provider-youtube wp-block-embed-youtube wp-embed-aspect-16-9 wp-has-aspect-ratio\"><div class=\"wp-block-embed__wrapper\">\n<div class=\"nv-iframe-embed\"><iframe loading=\"lazy\" title=\"Un micro \u00e0 TOUT FAIRE | Shure SM7B\" width=\"1200\" height=\"675\" src=\"https:\/\/www.youtube.com\/embed\/3upOXG901Wk?feature=oembed\" frameborder=\"0\" allow=\"accelerometer; autoplay; clipboard-write; encrypted-media; gyroscope; picture-in-picture\" allowfullscreen><\/iframe><\/div>\n<\/div><figcaption>Enregistrer sa voix : Micro dynamique Shure SM7B<\/figcaption><\/figure>\n\n\n\n<div style=\"height:40px\" aria-hidden=\"true\" class=\"wp-block-spacer\"><\/div>\n\n\n\n<div class=\"wp-block-buttons is-horizontal is-content-justification-center is-layout-flex wp-container-core-buttons-is-layout-499968f5 wp-block-buttons-is-layout-flex\">\n<div class=\"wp-block-button is-style-primary\"><a class=\"wp-block-button__link has-neve-link-hover-color-background-color has-background\" href=\"https:\/\/www.thomann.de\/fr\/shure_sm_7b_studiomikro.htm\" target=\"_blank\" rel=\"noopener nofollow sponsored\">Shure SM7B<\/a><\/div>\n<\/div>\n\n\n\n<div style=\"height:40px\" aria-hidden=\"true\" class=\"wp-block-spacer\"><\/div>\n\n\n\n<hr class=\"wp-block-separator has-css-opacity\"\/>\n\n\n\n<h4 class=\"wp-block-heading\" id=\"electro-voice-re20\"><a label=\"Electro-Voice RE20  (opens in a new tab)\" class=\"rank-math-link\" href=\"https:\/\/www.thomann.fr\/ev_re20_microphone.htm\" target=\"_blank\" rel=\"noopener nofollow sponsored\">Electro-Voice RE20<\/a><\/h4>\n\n\n\n<p>L&rsquo;<a label=\"Electro-Voice RE20 (opens in a new tab)\" class=\"rank-math-link\" href=\"https:\/\/www.thomann.fr\/ev_re20_microphone.htm\" target=\"_blank\" rel=\"noopener nofollow sponsored\"><strong>Electro-Voice RE20<\/strong><\/a> est un grand classique parmi les microphones dynamiques. Il est tr\u00e8s bien construit, \u00e9quilibr\u00e9 sur le plan sonore un peu feutr\u00e9 avec une tr\u00e8s belle couleur sonore vintage, du caract\u00e8re, un tr\u00e8s beau grain. Avec un bon pr\u00e9ampli micro, il sera vraiment splendide sur une voix, avec le <strong>Neumann U47<\/strong> c&rsquo;est le partenaire de chant de <strong>Thom Yorke<\/strong> de <strong>Radiohead<\/strong>.<\/p>\n\n\n\n<div style=\"height:40px\" aria-hidden=\"true\" class=\"wp-block-spacer\"><\/div>\n\n\n\n<figure class=\"wp-block-embed is-type-video is-provider-youtube wp-block-embed-youtube wp-embed-aspect-16-9 wp-has-aspect-ratio\"><div class=\"wp-block-embed__wrapper\">\n<div class=\"nv-iframe-embed\"><iframe loading=\"lazy\" title=\"Radiohead - The King Of Limbs From The Basement (December 2011)\" width=\"1200\" height=\"675\" src=\"https:\/\/www.youtube.com\/embed\/hI5YMDioDBY?start=1196&#038;feature=oembed\" frameborder=\"0\" allow=\"accelerometer; autoplay; clipboard-write; encrypted-media; gyroscope; picture-in-picture\" allowfullscreen><\/iframe><\/div>\n<\/div><figcaption>Enregistrer sa voix : Micro dynamique Eletcro Voice RE20<\/figcaption><\/figure>\n\n\n\n<div style=\"height:40px\" aria-hidden=\"true\" class=\"wp-block-spacer\"><\/div>\n\n\n\n<div class=\"wp-block-buttons is-horizontal is-content-justification-center is-layout-flex wp-container-core-buttons-is-layout-499968f5 wp-block-buttons-is-layout-flex\">\n<div class=\"wp-block-button is-style-primary\"><a class=\"wp-block-button__link has-neve-link-hover-color-background-color has-background\" href=\"https:\/\/www.thomann.fr\/ev_re20_microphone.htm\" target=\"_blank\" rel=\"noopener nofollow sponsored\">Electro-Voice RE20<\/a><\/div>\n<\/div>\n\n\n\n<div style=\"height:40px\" aria-hidden=\"true\" class=\"wp-block-spacer\"><\/div>\n\n\n\n<hr class=\"wp-block-separator has-css-opacity\"\/>\n\n\n\n<h4 class=\"wp-block-heading\" id=\"sennheiser-md441-u\"><a aria-label=\"MD441 (opens in a new tab)\" rel=\"noopener nofollow sponsored\" href=\"https:\/\/www.thomann.de\/fr\/sennheiser_md441u_dynamisches_mikrofon.htm\" target=\"_blank\" class=\"rank-math-link\">Sennheiser MD441-U<\/a><\/h4>\n\n\n\n<p>Le <strong><a aria-label=\"Sennheiser MD441-U (opens in a new tab)\" class=\"rank-math-link\" href=\"https:\/\/www.thomann.de\/fr\/sennheiser_md441u_dynamisches_mikrofon.htm\" target=\"_blank\" rel=\"noopener nofollow sponsored\">Sennheiser MD441-U<\/a><\/strong> est certainement le micro dynamique qui se rapproche le plus des propri\u00e9t\u00e9s d&rsquo;un micro \u00e9lectrostatique. Il a un son tr\u00e8s \u00e9quilibr\u00e9 et offre une reproduction pr\u00e9cise et d\u00e9taill\u00e9e sans distorsion m\u00eame \u00e0 forte pression acoustique. Il est \u00e9quip\u00e9 d&rsquo;une suspension interne pour sa capsule et d&rsquo;une protection anti-plosive interne. Sa directivit\u00e9 supercardio\u00efde emp\u00eachera de prendre trop le son de la pi\u00e8ce, mais n\u00e9cessitera de chanter bien en face. Si l&rsquo;acoustique de ta pi\u00e8ce n&rsquo;est pas id\u00e9al, coupl\u00e9 \u00e0 un bon pr\u00e9ampli il fera des merveilles. Mais la qualit\u00e9 \u00e0 un prix !<\/p>\n\n\n\n<div style=\"height:40px\" aria-hidden=\"true\" class=\"wp-block-spacer\"><\/div>\n\n\n\n<div class=\"wp-block-buttons is-horizontal is-content-justification-center is-layout-flex wp-container-core-buttons-is-layout-499968f5 wp-block-buttons-is-layout-flex\">\n<div class=\"wp-block-button is-style-primary\"><a class=\"wp-block-button__link has-neve-link-hover-color-background-color has-background\" href=\"https:\/\/www.thomann.de\/fr\/sennheiser_md441u_dynamisches_mikrofon.htm\" target=\"_blank\" rel=\"noopener nofollow sponsored\">Sennheiser MD441-U<\/a><\/div>\n<\/div>\n\n\n\n<div style=\"height:40px\" aria-hidden=\"true\" class=\"wp-block-spacer\"><\/div>\n\n\n\n<hr class=\"wp-block-separator has-css-opacity\"\/>\n\n\n\n<p class=\"has-text-align-center\"><strong>Ma liste de <a href=\"https:\/\/redir.love\/thocf\/c0u9maavqz\" target=\"_blank\" aria-label=\" (opens in a new tab)\" rel=\"noopener nofollow sponsored\" class=\"rank-math-link\">micros dynamiques pour enregistrer sa voix<\/a><\/strong><\/p>\n\n\n\n<hr class=\"wp-block-separator has-css-opacity\"\/>\n\n\n\n<p><strong>Pour en savoir plus sur les meilleurs micros dynamiques :<\/strong><\/p>\n\n\n\n<figure class=\"wp-block-embed is-type-wp-embed is-provider-par-record wp-block-embed-par-record\"><div class=\"wp-block-embed__wrapper\">\n<blockquote class=\"wp-embedded-content\" data-secret=\"UpQnUQv3Hn\"><a href=\"https:\/\/www.piegeareves.fr\/studio\/top8-micro-dynamique\/\">Meilleur Micro Dynamique : Top 8<\/a><\/blockquote><iframe loading=\"lazy\" class=\"wp-embedded-content\" sandbox=\"allow-scripts\" security=\"restricted\" style=\"position: absolute; clip: rect(1px, 1px, 1px, 1px);\" title=\"\u00ab\u00a0Meilleur Micro Dynamique : Top 8\u00a0\u00bb &#8212; PAR Record\" src=\"https:\/\/www.piegeareves.fr\/studio\/top8-micro-dynamique\/embed\/#?secret=2xRybWmYoJ#?secret=UpQnUQv3Hn\" data-secret=\"UpQnUQv3Hn\" width=\"600\" height=\"338\" frameborder=\"0\" marginwidth=\"0\" marginheight=\"0\" scrolling=\"no\"><\/iframe>\n<\/div><\/figure>\n\n\n\n<div style=\"height:40px\" aria-hidden=\"true\" class=\"wp-block-spacer\"><\/div>\n\n\n\n<h3 class=\"wp-block-heading\" id=\"quel-micro-a-ruban-pour-enregistrer-sa-voix\">Quel micro \u00e0 ruban pour enregistrer sa voix ?<\/h3>\n\n\n\n<p>Si tu veux obtenir un son tr\u00e8s naturel, un peu plus feutr\u00e9, avec des aigus tr\u00e8s doux. Il serait une bonne id\u00e9e d&rsquo;opter pour un micro \u00e0 ruban qui a la particularit\u00e9 de donner un son chaud sans agressivit\u00e9. Le micro \u00e0 ruban a une directivit\u00e9 en 8 il prendra le son devant et derri\u00e8re, attention donc aux r\u00e9flexions \u00e0 l&rsquo;arri\u00e8re du micro.<\/p>\n\n\n\n<p>Les microphones \u00e0 ruban ne donnent pas beaucoup de gain il sera important de les  coupler \u00e0 un tr\u00e8s bon preamp ou d&rsquo;opter pour un micro \u00e0 ruban actif qui n\u00e9cessitera une alimentation fant\u00f4me +48v sinon tu risqueras d&rsquo;\u00eatre d\u00e9\u00e7u avec une petite carte son.<\/p>\n\n\n\n<div style=\"height:40px\" aria-hidden=\"true\" class=\"wp-block-spacer\"><\/div>\n\n\n\n<hr class=\"wp-block-separator has-css-opacity\"\/>\n\n\n\n<h4 class=\"wp-block-heading\" id=\"audio-technica-at-4080\"><a href=\"https:\/\/www.audio-technica.com\/fr-fr\/at4080\" target=\"_blank\" label=\"Audio Technica AT 4080 (opens in a new tab)\" rel=\"noopener nofollow sponsored\" class=\"rank-math-link\">Audio Technica AT 4080<\/a><\/h4>\n\n\n\n<p>Le <strong><a href=\"https:\/\/www.audio-technica.com\/fr-fr\/at4080\" target=\"_blank\" rel=\"noopener nofollow sponsored\">AT 4080 <\/a><\/strong>est un micro \u00e0 ruban actif n\u00e9cessitant le 48v. Il d\u00e9livre le son chaud, naturel, d\u00e9taill\u00e9, et doux caract\u00e9ristiques des micros \u00e0 ruban pour un prix vraiment int\u00e9ressant. Le micro est enti\u00e8rement fait \u00e0 la main, m\u00eame le ruban qui est pliss\u00e9 et assembl\u00e9 main. Un super rapport qualit\u00e9 prix !<\/p>\n\n\n\n<div style=\"height:40px\" aria-hidden=\"true\" class=\"wp-block-spacer\"><\/div>\n\n\n\n<figure class=\"wp-block-embed is-type-video is-provider-youtube wp-block-embed-youtube wp-embed-aspect-4-3 wp-has-aspect-ratio\"><div class=\"wp-block-embed__wrapper\">\n<div class=\"nv-iframe-embed\"><iframe loading=\"lazy\" title=\"Natalie McCool - recorded using the Audio-Technica AT4080 and AT4081 Ribbon Microphones\" width=\"1200\" height=\"900\" src=\"https:\/\/www.youtube.com\/embed\/GdakcnHThGI?feature=oembed\" frameborder=\"0\" allow=\"accelerometer; autoplay; clipboard-write; encrypted-media; gyroscope; picture-in-picture\" allowfullscreen><\/iframe><\/div>\n<\/div><figcaption>Enregistrer sa voix : Micro \u00e0 Ruban 4080<\/figcaption><\/figure>\n\n\n\n<div style=\"height:40px\" aria-hidden=\"true\" class=\"wp-block-spacer\"><\/div>\n\n\n\n<div class=\"wp-block-buttons is-horizontal is-content-justification-center is-layout-flex wp-container-core-buttons-is-layout-499968f5 wp-block-buttons-is-layout-flex\">\n<div class=\"wp-block-button is-style-primary\"><a class=\"wp-block-button__link has-neve-link-hover-color-background-color has-background\" href=\"https:\/\/www.audio-technica.com\/fr-fr\/at4080\" target=\"_blank\" rel=\"noopener\">Audio Technica AT 4080<\/a><\/div>\n<\/div>\n\n\n\n<div style=\"height:40px\" aria-hidden=\"true\" class=\"wp-block-spacer\"><\/div>\n\n\n\n<hr class=\"wp-block-separator has-css-opacity\"\/>\n\n\n\n<h4 class=\"wp-block-heading\" id=\"aea-r84-et-aea-r84a\"><a aria-label=\"AEA R84 (opens in a new tab)\" rel=\"noopener nofollow sponsored\" href=\"https:\/\/www.woodbrass.com\/microphones-a-ruban-a.e.a.-r84-p184801.html?utm_source=affilae&amp;utm_support=affiliation&amp;utm_campaign=piegeareves#ae30\" target=\"_blank\" class=\"rank-math-link\">AEA R84<\/a> et <a href=\"https:\/\/www.woodbrass.com\/microphones-a-ruban-a.e.a.-r84a-p184803.html?utm_source=affilae&amp;utm_support=affiliation&amp;utm_campaign=piegeareves#ae30\" target=\"_blank\" aria-label=\"AEA R84A (opens in a new tab)\" rel=\"noopener nofollow sponsored\" class=\"rank-math-link\">AEA R84A<\/a><\/h4>\n\n\n\n<p>Le micro <strong><a aria-label=\"AEA R84 (opens in a new tab)\" class=\"rank-math-link\" href=\"https:\/\/www.woodbrass.com\/microphones-a-ruban-a.e.a.-r84-p184801.html?utm_source=affilae&amp;utm_support=affiliation&amp;utm_campaign=piegeareves#ae30\" target=\"_blank\" rel=\"noopener nofollow sponsored\">AEA R84<\/a><\/strong> avec son look vintage inspir\u00e9 du son du l\u00e9gendaire <strong><a aria-label=\"AEA R44 (opens in a new tab)\" class=\"rank-math-link\" href=\"https:\/\/www.woodbrass.com\/microphones-a-ruban-a.e.a.-r44c-p184831.html?utm_source=affilae&amp;utm_support=affiliation&amp;utm_campaign=piegeareves#ae30\" target=\"_blank\" rel=\"noopener nofollow sponsored\">AEA R44<\/a><\/strong>. Il poss\u00e8de une entit\u00e9 sonore superbement naturelle, d\u00e9taill\u00e9e, chaude et \u00e9quilibr\u00e9e. Il ne sonnera jamais dur, les aigus seront doux, les sibilances r\u00e9duites un bas chaud pr\u00e9sent et de beaux m\u00e9diums bien d\u00e9finis. De plus les micros AEA sont tr\u00e8s bien construit et fabriqu\u00e9s aux USA<\/p>\n\n\n\n<p>Pour les pr\u00e9amplis un peu limite il existe la version active <a aria-label=\"AEA R84A (opens in a new tab)\" href=\"https:\/\/www.woodbrass.com\/microphones-a-ruban-a.e.a.-r84a-p184803.html?utm_source=affilae&amp;utm_support=affiliation&amp;utm_campaign=piegeareves#ae30\" target=\"_blank\" rel=\"noopener nofollow sponsored\" class=\"rank-math-link\"><strong>AEA R84A<\/strong><\/a> qui d\u00e9livrera 12db de plus de gain avec l&rsquo;alimentation fant\u00f4me 48v.<\/p>\n\n\n\n<p>Avec le R84 on a tout de suite la sensation de se retrouver aux USA dans les ann\u00e9es 60, les AEA ont vraiment du caract\u00e8re, un son typique et vraiment chouette. Je vous conseil d&rsquo;aller \u00e9couter leurs micros haut de gamme <a aria-label=\"AEA R44 (opens in a new tab)\" href=\"https:\/\/www.woodbrass.com\/microphones-a-ruban-a.e.a.-r44c-p184831.html?utm_source=affilae&amp;utm_support=affiliation&amp;utm_campaign=piegeareves#ae30\" target=\"_blank\" rel=\"noopener nofollow sponsored\" class=\"rank-math-link\"><strong>AEA R44<\/strong><\/a> et <a aria-label=\"AEA KU4 (opens in a new tab)\" href=\"https:\/\/www.woodbrass.com\/microphones-a-ruban-a.e.a.-ku4-p184807.html?utm_source=affilae&amp;utm_support=affiliation&amp;utm_campaign=piegeareves#ae30\" target=\"_blank\" rel=\"noopener nofollow sponsored\" class=\"rank-math-link\"><strong>AEA KU4<\/strong><\/a> c&rsquo;est splendide.<\/p>\n\n\n\n<p><strong>AEA : <a class=\"rank-math-link\" href=\"https:\/\/www.aearibbonmics.com\/\" target=\"_blank\" rel=\"noopener\">https:\/\/www.aearibbonmics.com\/<\/a><\/strong><\/p>\n\n\n\n<div style=\"height:40px\" aria-hidden=\"true\" class=\"wp-block-spacer\"><\/div>\n\n\n\n<figure class=\"wp-block-embed is-type-rich is-provider-soundcloud wp-block-embed-soundcloud wp-embed-aspect-4-3 wp-has-aspect-ratio\"><div class=\"wp-block-embed__wrapper\">\n<iframe loading=\"lazy\" title=\"R84 Product Page Playlist by AEA Ribbon Mics\" width=\"1200\" height=\"450\" scrolling=\"no\" frameborder=\"no\" src=\"https:\/\/w.soundcloud.com\/player\/?visual=true&#038;url=https%3A%2F%2Fapi.soundcloud.com%2Fplaylists%2F366313861&#038;show_artwork=true&#038;maxheight=1000&#038;maxwidth=1200\"><\/iframe>\n<\/div><figcaption>Micro pour enregistrer sa voix : AEA R84<\/figcaption><\/figure>\n\n\n\n<div style=\"height:40px\" aria-hidden=\"true\" class=\"wp-block-spacer\"><\/div>\n\n\n\n<div class=\"wp-block-buttons is-horizontal is-content-justification-center is-layout-flex wp-container-core-buttons-is-layout-499968f5 wp-block-buttons-is-layout-flex\">\n<div class=\"wp-block-button is-style-primary\"><a class=\"wp-block-button__link has-neve-link-hover-color-background-color has-background\" href=\"https:\/\/www.woodbrass.com\/microphones-a-ruban-a.e.a.-r84-p184801.html?utm_source=affilae&amp;utm_support=affiliation&amp;utm_campaign=piegeareves#ae30\" target=\"_blank\" rel=\"noopener nofollow sponsored\">AEA R84<\/a><\/div>\n\n\n\n<div class=\"wp-block-button is-style-primary\"><a class=\"wp-block-button__link has-neve-link-hover-color-background-color has-background\" href=\"https:\/\/www.woodbrass.com\/microphones-a-ruban-a.e.a.-r84a-p184803.html?utm_source=affilae&amp;utm_support=affiliation&amp;utm_campaign=piegeareves#ae30\" target=\"_blank\" rel=\"noopener nofollow sponsored\">AEA R84A<\/a><\/div>\n<\/div>\n\n\n\n<div style=\"height:40px\" aria-hidden=\"true\" class=\"wp-block-spacer\"><\/div>\n\n\n\n<hr class=\"wp-block-separator has-css-opacity\"\/>\n\n\n\n<h4 class=\"wp-block-heading\" id=\"royer-r-122\"><a href=\"https:\/\/www.thomann.de\/fr\/royer_labs_r_122_mkii.htm\" target=\"_blank\" aria-label=\"Royer R-122 (opens in a new tab)\" rel=\"noopener nofollow sponsored\" class=\"rank-math-link\">Royer R-122<\/a><\/h4>\n\n\n\n<p>Le <a aria-label=\"Royer R-122 (opens in a new tab)\" href=\"https:\/\/www.thomann.de\/fr\/royer_labs_r_122_mkii.htm\" target=\"_blank\" rel=\"noopener nofollow sponsored\" class=\"rank-math-link\"><strong>Royer R-122<\/strong><\/a> est le premier micro \u00e0 ruban actif au monde qui n\u00e9cessitera donc une alim fant\u00f4me +48V. C&rsquo;est un peu la version active du fameux <a aria-label=\"Royer R-121 (opens in a new tab)\" href=\"https:\/\/www.thomann.de\/fr\/royer_labs_r121.htm\" target=\"_blank\" rel=\"noopener nofollow sponsored\" class=\"rank-math-link\"><strong>Royer R-121<\/strong><\/a> une r\u00e9f\u00e9rence dans la cat\u00e9gorie du micro \u00e0 ruban de studio. Le son est chaud, d&rsquo;un naturel incroyable et tr\u00e8s doux. Le micro ne sera jamais agressif. Le R-122 a donc plus de gain que le Royer R-121, avec des aigus plus ouvert cela en fait un micro plus adapt\u00e9 \u00e0 la voix qui demandera un pr\u00e9 ampli un peu moins costaud.<\/p>\n\n\n\n<div style=\"height:40px\" aria-hidden=\"true\" class=\"wp-block-spacer\"><\/div>\n\n\n\n<figure class=\"wp-block-embed is-type-video is-provider-youtube wp-block-embed-youtube wp-embed-aspect-16-9 wp-has-aspect-ratio\"><div class=\"wp-block-embed__wrapper\">\n<div class=\"nv-iframe-embed\"><iframe loading=\"lazy\" title=\"Marshall Ruffin performs My Son\" width=\"1200\" height=\"675\" src=\"https:\/\/www.youtube.com\/embed\/YANTKS7XPEo?feature=oembed\" frameborder=\"0\" allow=\"accelerometer; autoplay; clipboard-write; encrypted-media; gyroscope; picture-in-picture\" allowfullscreen><\/iframe><\/div>\n<\/div><figcaption>Enregistrer sa voix : Micro \u00e0 Ruban Royer Labs R-122<\/figcaption><\/figure>\n\n\n\n<div style=\"height:40px\" aria-hidden=\"true\" class=\"wp-block-spacer\"><\/div>\n\n\n\n<div class=\"wp-block-buttons is-horizontal is-content-justification-center is-layout-flex wp-container-core-buttons-is-layout-499968f5 wp-block-buttons-is-layout-flex\">\n<div class=\"wp-block-button is-style-primary\"><a class=\"wp-block-button__link has-neve-link-hover-color-background-color has-background\" href=\"https:\/\/www.thomann.de\/fr\/royer_labs_r_122_mkii.htm\" target=\"_blank\" rel=\"noopener nofollow sponsored\">Royer R-122<\/a><\/div>\n<\/div>\n\n\n\n<div style=\"height:40px\" aria-hidden=\"true\" class=\"wp-block-spacer\"><\/div>\n\n\n\n<hr class=\"wp-block-separator has-css-opacity\"\/>\n\n\n\n<p class=\"has-text-align-center\"><strong>Ma liste de <a href=\"https:\/\/redir.love\/thocf\/4c53ner4dy\" target=\"_blank\" aria-label=\"micros dynamiques pour enregistrer sa voix (opens in a new tab)\" rel=\"noopener\" class=\"rank-math-link\">micros dynamiques pour enregistrer sa voix<\/a><\/strong><\/p>\n\n\n\n<hr class=\"wp-block-separator has-css-opacity\"\/>\n\n\n\n<div style=\"height:40px\" aria-hidden=\"true\" class=\"wp-block-spacer\"><\/div>\n\n\n\n<p><strong>Pour en savoir plus sur les particularit\u00e9s des diff\u00e9rents types de micros<\/strong> :<\/p>\n\n\n\n<figure class=\"wp-block-embed is-type-wp-embed is-provider-par-record wp-block-embed-par-record\"><div class=\"wp-block-embed__wrapper\">\n<blockquote class=\"wp-embedded-content\" data-secret=\"Mfv8vn4NYB\"><a href=\"https:\/\/www.piegeareves.fr\/studio\/les-differents-types-de-microphones\/\">Les diff\u00e9rents types de microphones<\/a><\/blockquote><iframe loading=\"lazy\" class=\"wp-embedded-content\" sandbox=\"allow-scripts\" security=\"restricted\" style=\"position: absolute; clip: rect(1px, 1px, 1px, 1px);\" title=\"\u00ab\u00a0Les diff\u00e9rents types de microphones\u00a0\u00bb &#8212; PAR Record\" src=\"https:\/\/www.piegeareves.fr\/studio\/les-differents-types-de-microphones\/embed\/#?secret=4nX3Gc25Ml#?secret=Mfv8vn4NYB\" data-secret=\"Mfv8vn4NYB\" width=\"600\" height=\"338\" frameborder=\"0\" marginwidth=\"0\" marginheight=\"0\" scrolling=\"no\"><\/iframe>\n<\/div><\/figure>\n\n\n\n<div style=\"height:40px\" aria-hidden=\"true\" class=\"wp-block-spacer\"><\/div>\n\n\n\n<h2 class=\"wp-block-heading\" id=\"quelle-carte-son-pour-enregistrer-sa-voix\">Quelle carte son pour enregistrer sa voix ?<\/h2>\n\n\n\n<p>Apr\u00e8s avoir trait\u00e9 l&rsquo;acoustique de ta pi\u00e8ce et choisi ton microphone le son va d\u00e9pendre directement de l&rsquo;interface audio qui int\u00e8gre le pr\u00e9ampli micro et le convertisseur audionum\u00e9rique. <\/p>\n\n\n\n<p>La carte son devra donc avoir au moins une entr\u00e9e micro XLR, avec alimentation fant\u00f4me +48V pour faire fonctionner un micro statique ou un micro \u00e0 ruban actif. <\/p>\n\n\n\n<p>Elle doit avoir un pr\u00e9ampli de qualit\u00e9 ainsi qu&rsquo;un convertisseur analogique num\u00e9rique de qualit\u00e9. Disons que la chaine audio doit \u00eatre coh\u00e9rente, il ne sert \u00e0 rien d&rsquo;avoir un micro \u00e0 5000 balles avec une carte son \u00e0 50 euros et vis versa.<\/p>\n\n\n\n<p>Comme carte son 1 entr\u00e9e la <strong><a aria-label=\"Audient iD4 (opens in a new tab)\" rel=\"noopener nofollow sponsored\" href=\"https:\/\/www.thomann.de\/fr\/audient_id4_mkii.htm\" target=\"_blank\" class=\"rank-math-link\">Audient iD4<\/a> <\/strong>r\u00e9uni tous les crit\u00e8res pour un rapport qualit\u00e9 prix assez incroyable.<\/p>\n\n\n\n<p>Et si tu veux passer \u00e0 la qualit\u00e9 sup\u00e9rieure tu peux prendre un pr\u00e9ampli et convertisseur s\u00e9par\u00e9.<\/p>\n\n\n\n<p>Le pr\u00e9ampli <a aria-label=\"Focusrite ISA One (opens in a new tab)\" href=\"https:\/\/www.thomann.de\/fr\/focusrite_isa_one.htm\" target=\"_blank\" rel=\"noopener nofollow sponsored\" class=\"rank-math-link\"><strong>Focusrite ISA One<\/strong><\/a> est vraiment fabuleux et peut \u00eatre compl\u00e9t\u00e9 avec la carte de conversion A\/N <a aria-label=\"Focusrite ISA ADN2 (opens in a new tab)\" href=\"https:\/\/www.thomann.de\/fr\/focusrite_isa_adn2.htm\" target=\"_blank\" rel=\"noopener nofollow sponsored\" class=\"rank-math-link\"><strong>Focusrite ISA ADN2<\/strong><\/a> ou le convertisseur <a label=\"RME ADI-2-FS (opens in a new tab)\" href=\"https:\/\/www.thomann.de\/fr\/rme_adi_2_dac_fs.htm\" target=\"_blank\" rel=\"noopener nofollow sponsored\" class=\"rank-math-link\"><strong>RME ADI-2-FS<\/strong><\/a> qui est d&rsquo;excellente facture.<\/p>\n\n\n\n<div style=\"height:40px\" aria-hidden=\"true\" class=\"wp-block-spacer\"><\/div>\n\n\n\n<p><strong>Si tu veux en savoir plus sur les cartes son voici un article complet sur le sujet :<\/strong><\/p>\n\n\n\n<figure class=\"wp-block-embed is-type-wp-embed is-provider-par-record wp-block-embed-par-record\"><div class=\"wp-block-embed__wrapper\">\n<blockquote class=\"wp-embedded-content\" data-secret=\"xAvp25dOCS\"><a href=\"https:\/\/www.piegeareves.fr\/studio\/carte-son-home-studio\/\">Quelle carte son choisir pour un home studio ? MAJ 2022<\/a><\/blockquote><iframe loading=\"lazy\" class=\"wp-embedded-content\" sandbox=\"allow-scripts\" security=\"restricted\" style=\"position: absolute; clip: rect(1px, 1px, 1px, 1px);\" title=\"\u00ab\u00a0Quelle carte son choisir pour un home studio ? MAJ 2022\u00a0\u00bb &#8212; PAR Record\" src=\"https:\/\/www.piegeareves.fr\/studio\/carte-son-home-studio\/embed\/#?secret=fqsekXVdNG#?secret=xAvp25dOCS\" data-secret=\"xAvp25dOCS\" width=\"600\" height=\"338\" frameborder=\"0\" marginwidth=\"0\" marginheight=\"0\" scrolling=\"no\"><\/iframe>\n<\/div><\/figure>\n\n\n\n<div style=\"height:40px\" aria-hidden=\"true\" class=\"wp-block-spacer\"><\/div>\n\n\n\n<p><strong>Et un autre pour en apprendre plus sur les pr\u00e9amplis micros :<\/strong><\/p>\n\n\n\n<figure class=\"wp-block-embed is-type-wp-embed is-provider-par-record wp-block-embed-par-record\"><div class=\"wp-block-embed__wrapper\">\n<blockquote class=\"wp-embedded-content\" data-secret=\"9LpZxQHKdA\"><a href=\"https:\/\/www.piegeareves.fr\/studio\/preampli-micro\/\">Le pr\u00e9ampli micro. Comment upgrader sa carte son ?<\/a><\/blockquote><iframe loading=\"lazy\" class=\"wp-embedded-content\" sandbox=\"allow-scripts\" security=\"restricted\" style=\"position: absolute; clip: rect(1px, 1px, 1px, 1px);\" title=\"\u00ab\u00a0Le pr\u00e9ampli micro. Comment upgrader sa carte son ?\u00a0\u00bb &#8212; PAR Record\" src=\"https:\/\/www.piegeareves.fr\/studio\/preampli-micro\/embed\/#?secret=s4OwTPHMLM#?secret=9LpZxQHKdA\" data-secret=\"9LpZxQHKdA\" width=\"600\" height=\"338\" frameborder=\"0\" marginwidth=\"0\" marginheight=\"0\" scrolling=\"no\"><\/iframe>\n<\/div><\/figure>\n\n\n\n<div style=\"height:40px\" aria-hidden=\"true\" class=\"wp-block-spacer\"><\/div>\n\n\n\n<h2 class=\"wp-block-heading\" id=\"utilise-un-filtre-anti-pop-et-une-suspension-elastique\">Utilise un filtre anti pop et une suspension \u00e9lastique<\/h2>\n\n\n\n<p>Pour obtenir un son plus propre il est indispensable d&rsquo;utiliser un <a aria-label=\"filtre anti pop (opens in a new tab)\" href=\"https:\/\/www.thomann.de\/fr\/km_23956_plopkiller.htm\" target=\"_blank\" rel=\"noopener nofollow sponsored\" class=\"rank-math-link\">filtre anti pop<\/a> qui \u00e9vitera au micro de prendre les bruits de P de la voix qui ne sont pas \u00e9vident \u00e0 enlever au mixage.<\/p>\n\n\n\n<p>Une <a class=\"rank-math-link\" aria-label=\"suspension \u00e9lastique (opens in a new tab)\" rel=\"noopener nofollow sponsored\" href=\"https:\/\/www.thomann.de\/fr\/shockmount_pour_microphones.html\" target=\"_blank\">suspension \u00e9lastique<\/a> adapt\u00e9e au micro va permettre d&rsquo;\u00e9viter les bruits de manipulation du pied de micro, ou bruit qui pourrait se transmettre m\u00e9caniquement au micro en d\u00e9solidarisant le micro de son support. C&rsquo;est tr\u00e8s important pour les micros statiques qui sont tr\u00e8s sensible aux moindres mouvements.<\/p>\n\n\n\n<div style=\"height:40px\" aria-hidden=\"true\" class=\"wp-block-spacer\"><\/div>\n\n\n\n<h2 class=\"wp-block-heading\" id=\"enregistre-au-bon-volume\">Enregistre au bon volume<\/h2>\n\n\n\n<p>R\u00e8gle le gain te ton pr\u00e9ampli avec attention. Mieux vaut enregistrer un peu moins fort que de saturer le son car \u00e7a sera irr\u00e9m\u00e9diable. Il ne faut donc absolument jamais atteindre le 0dBfs sous peine d&rsquo;\u00e9cr\u00eater num\u00e9riquement le signal et d&rsquo;obtenir un son d\u00e9gueulasse. Il est d&rsquo;usage d&rsquo;enregistrer \u00e0 un niveau moyen de -18 dBfs qui correspond au 0 dB analogique, et qui est le bon compromis entre fonctionnement optimal du pr\u00e9ampli, niveau de bruit de fond et headroom utile pour \u00e9viter tout \u00e9cr\u00eatage.<\/p>\n\n\n\n<div style=\"height:40px\" aria-hidden=\"true\" class=\"wp-block-spacer\"><\/div>\n\n\n\n<h2 class=\"wp-block-heading\" id=\"utilise-un-casque-ferme\">Utilise un casque ferm\u00e9<\/h2>\n\n\n\n<p>On n&rsquo;y pense pas forc\u00e9ment, mais un casque ferm\u00e9 permet d&rsquo;avoir un son plus propre. Il \u00e9vite de trop laisser le son sortir et d&rsquo;\u00eatre repris par le micro. Le <a href=\"https:\/\/www.thomann.de\/fr\/beyerdynamic_dt770_pro80_ohm.htm\" target=\"_blank\" aria-label=\"Beyerdynamic DT770 (opens in a new tab)\" rel=\"noopener nofollow sponsored\" class=\"rank-math-link\"><strong>Beyerdynamic DT770<\/strong><\/a> est une r\u00e9f\u00e9rence en studio. Mais si tu veux des infos sur d&rsquo;autres mod\u00e8les je te conseille de lire cet article. <\/p>\n\n\n\n<figure class=\"wp-block-embed is-type-wp-embed is-provider-par-record wp-block-embed-par-record\"><div class=\"wp-block-embed__wrapper\">\n<blockquote class=\"wp-embedded-content\" data-secret=\"R9CPKJ9wT0\"><a href=\"https:\/\/www.piegeareves.fr\/studio\/casque-studio\/\">TOP casque studio<\/a><\/blockquote><iframe loading=\"lazy\" class=\"wp-embedded-content\" sandbox=\"allow-scripts\" security=\"restricted\" style=\"position: absolute; clip: rect(1px, 1px, 1px, 1px);\" title=\"\u00ab\u00a0TOP casque studio\u00a0\u00bb &#8212; PAR Record\" src=\"https:\/\/www.piegeareves.fr\/studio\/casque-studio\/embed\/#?secret=EDxu5FMjne#?secret=R9CPKJ9wT0\" data-secret=\"R9CPKJ9wT0\" width=\"600\" height=\"338\" frameborder=\"0\" marginwidth=\"0\" marginheight=\"0\" scrolling=\"no\"><\/iframe>\n<\/div><\/figure>\n\n\n\n<div style=\"height:40px\" aria-hidden=\"true\" class=\"wp-block-spacer\"><\/div>\n\n\n\n<h2 class=\"wp-block-heading\" id=\"regle-bien-le-son-de-ton-casque\">R\u00e8gle bien le son de ton casque<\/h2>\n\n\n\n<p>Pour l&rsquo;enregistrement de la voix, il est capital de bien s&rsquo;entendre, d&rsquo;\u00eatre \u00e0 l&rsquo;aise pour donner le meilleur. Il est donc primordial de prendre le temps de bien r\u00e9gler son retour casque. De r\u00e9gler le volume de la musique par rapport au volume de la voix, de bien entendre sa voix pour \u00eatre juste, d&rsquo;avoir un volume d&rsquo;\u00e9coute confortable. La technique doit se faire oublier pour se concentrer sur le principal la musique.<\/p>\n\n\n\n<div style=\"height:40px\" aria-hidden=\"true\" class=\"wp-block-spacer\"><\/div>\n\n\n\n<h2 class=\"wp-block-heading\" id=\"conclusion\">Conclusion<\/h2>\n\n\n\n<p>Et voil\u00e0 j&rsquo;esp\u00e8re que tous ces conseils t&rsquo;aideront \u00e0 obtenir de bons r\u00e9sultats. En faisant bien attention \u00e0 la prise de son, mais avec du \u00ab\u00a0petit mat\u00e9riel\u00a0\u00bb on peut obtenir de tr\u00e8s bon r\u00e9sultat, alors surtout amuse-toi bien, exp\u00e9rimente et n&rsquo;h\u00e9site pas \u00e0 laisser un commentaire si tu as la moindre question.<\/p>\n\n\n\n<div style=\"height:40px\" aria-hidden=\"true\" class=\"wp-block-spacer\"><\/div>\n\n\n<div class=\"aligncenter is-style-icons wp-block-themeisle-blocks-sharing-icons\" id=\"wp-block-themeisle-blocks-sharing-icons-053593c6\"><div class=\"social-icons-wrap\"><a class=\"social-icon is-facebook\" aria-label=\"Share on Facebook\" href=\"https:\/\/www.facebook.com\/sharer\/sharer.php?u=https:\/\/www.piegeareves.fr\/studio\/studio\/wp-json\/wp\/v2\/posts\/6291&#038;title=Comment%20enregistrer%20sa%20voix%20comme%20en%20studio%20?\" target=\"_blank\"><svg aria-hidden=\"true\" xmlns=\"http:\/\/www.w3.org\/2000\/svg\" viewBox=\"0 0 512 512\"><!--!Font Awesome Free 6.6.0 by @fontawesome - https:\/\/fontawesome.com License - https:\/\/fontawesome.com\/license\/free Copyright 2024 Fonticons, Inc.--><path d=\"M512 256C512 114.6 397.4 0 256 0S0 114.6 0 256C0 376 82.7 476.8 194.2 504.5V334.2H141.4V256h52.8V222.3c0-87.1 39.4-127.5 125-127.5c16.2 0 44.2 3.2 55.7 6.4V172c-6-.6-16.5-1-29.6-1c-42 0-58.2 15.9-58.2 57.2V256h83.6l-14.4 78.2H287V510.1C413.8 494.8 512 386.9 512 256h0z\"\/><\/svg><span class=\"v-line\"><\/span><\/a><a class=\"social-icon is-twitter\" aria-label=\"Share on X\" href=\"http:\/\/x.com\/share?url=https:\/\/www.piegeareves.fr\/studio\/studio\/wp-json\/wp\/v2\/posts\/6291&#038;text=Comment%20enregistrer%20sa%20voix%20comme%20en%20studio%20?\" target=\"_blank\"><svg aria-hidden=\"true\" xmlns=\"http:\/\/www.w3.org\/2000\/svg\" viewBox=\"0 0 512 512\"><!--!Font Awesome Free 6.6.0 by @fontawesome - https:\/\/fontawesome.com License - https:\/\/fontawesome.com\/license\/free Copyright 2024 Fonticons, Inc.--><path d=\"M389.2 48h70.6L305.6 224.2 487 464H345L233.7 318.6 106.5 464H35.8L200.7 275.5 26.8 48H172.4L272.9 180.9 389.2 48zM364.4 421.8h39.1L151.1 88h-42L364.4 421.8z\"\/><\/svg><\/a><a class=\"social-icon is-linkedin\" aria-label=\"Share on LinkedIn\" href=\"https:\/\/www.linkedin.com\/shareArticle?mini=true&#038;url=https:\/\/www.piegeareves.fr\/studio\/studio\/wp-json\/wp\/v2\/posts\/6291&#038;title=Comment%20enregistrer%20sa%20voix%20comme%20en%20studio%20?\" target=\"_blank\"><svg aria-hidden=\"true\" xmlns=\"http:\/\/www.w3.org\/2000\/svg\" viewBox=\"0 0 448 512\"><!--!Font Awesome Free 6.6.0 by @fontawesome - https:\/\/fontawesome.com License - https:\/\/fontawesome.com\/license\/free Copyright 2024 Fonticons, Inc.--><path d=\"M100.3 448H7.4V148.9h92.9zM53.8 108.1C24.1 108.1 0 83.5 0 53.8a53.8 53.8 0 0 1 107.6 0c0 29.7-24.1 54.3-53.8 54.3zM447.9 448h-92.7V302.4c0-34.7-.7-79.2-48.3-79.2-48.3 0-55.7 37.7-55.7 76.7V448h-92.8V148.9h89.1v40.8h1.3c12.4-23.5 42.7-48.3 87.9-48.3 94 0 111.3 61.9 111.3 142.3V448z\"\/><\/svg><span class=\"v-line\"><\/span><\/a><\/div><\/div>\n\n\n<hr class=\"wp-block-separator has-css-opacity\"\/>\n\n\n\n<span data-sumome-listbuilder-embed-id=\"7e89ec55e13368dfe7fda6f06ba464da5b9c8bafc13b5fe2a57e9e7f6cedea11\"><\/span>\n\n\n\n<hr class=\"wp-block-separator has-css-opacity\"\/>\n\n\n\n<h2 class=\"wp-block-heading\" id=\"pour-en-apprendre-plus\">Pour en apprendre plus<\/h2>\n\n\n<ul class=\"wp-block-latest-posts__list is-grid columns-3 wp-block-latest-posts\"><li><div class=\"wp-block-latest-posts__featured-image\"><img loading=\"lazy\" decoding=\"async\" width=\"300\" height=\"300\" src=\"https:\/\/www.piegeareves.fr\/studio\/wp-content\/uploads\/2025\/05\/enregistrement-stereo-microphones-300x300.jpg\" class=\"attachment-thumbnail size-thumbnail wp-post-image\" alt=\"enregistrement st\u00e9r\u00e9o meilleur microphones\" style=\"\" srcset=\"https:\/\/www.piegeareves.fr\/studio\/wp-content\/uploads\/2025\/05\/enregistrement-stereo-microphones-300x300.jpg 300w, https:\/\/www.piegeareves.fr\/studio\/wp-content\/uploads\/2025\/05\/enregistrement-stereo-microphones-100x100.jpg 100w\" sizes=\"auto, (max-width: 300px) 100vw, 300px\" \/><\/div><a class=\"wp-block-latest-posts__post-title\" href=\"https:\/\/www.piegeareves.fr\/studio\/micros-enregistrement-stereo\/\">Les 11 meilleurs micros pour l&rsquo;enregistrement st\u00e9r\u00e9o en home studio (class\u00e9s par prix)<\/a><\/li>\n<li><div class=\"wp-block-latest-posts__featured-image\"><img loading=\"lazy\" decoding=\"async\" width=\"300\" height=\"300\" src=\"https:\/\/www.piegeareves.fr\/studio\/wp-content\/uploads\/2021\/04\/micro-a-ruban-comment-choisir-300x300.png\" class=\"attachment-thumbnail size-thumbnail wp-post-image\" alt=\"Micro \u00e0 Ruban\" style=\"\" srcset=\"https:\/\/www.piegeareves.fr\/studio\/wp-content\/uploads\/2021\/04\/micro-a-ruban-comment-choisir-300x300.png 300w, https:\/\/www.piegeareves.fr\/studio\/wp-content\/uploads\/2021\/04\/micro-a-ruban-comment-choisir-100x100.png 100w\" sizes=\"auto, (max-width: 300px) 100vw, 300px\" \/><\/div><a class=\"wp-block-latest-posts__post-title\" href=\"https:\/\/www.piegeareves.fr\/studio\/micro-a-ruban\/\">Micro \u00e0 Ruban : Comment Choisir le Meilleur pour Tes Enregistrements ?<\/a><\/li>\n<li><div class=\"wp-block-latest-posts__featured-image\"><img loading=\"lazy\" decoding=\"async\" width=\"300\" height=\"300\" src=\"https:\/\/www.piegeareves.fr\/studio\/wp-content\/uploads\/2024\/06\/luna_daw_universal_audio-300x300.jpg\" class=\"attachment-thumbnail size-thumbnail wp-post-image\" alt=\"Luna DAW Universal Audio\" style=\"\" srcset=\"https:\/\/www.piegeareves.fr\/studio\/wp-content\/uploads\/2024\/06\/luna_daw_universal_audio-300x300.jpg 300w, https:\/\/www.piegeareves.fr\/studio\/wp-content\/uploads\/2024\/06\/luna_daw_universal_audio-100x100.jpg 100w\" sizes=\"auto, (max-width: 300px) 100vw, 300px\" \/><\/div><a class=\"wp-block-latest-posts__post-title\" href=\"https:\/\/www.piegeareves.fr\/studio\/luna-le-daw-gratuit-duniversal-audio\/\">Luna le DAW gratuit d&rsquo;Universal Audio<\/a><\/li>\n<\/ul>\n\n\n<p><\/p>\n","protected":false},"excerpt":{"rendered":"<p>Tu as essay\u00e9 d&rsquo;enregistrer ta voix, mais le r\u00e9sultat n&rsquo;est comme les productions de studio ? Alors comment enregistrer sa voix comme une pro ?<\/p>\n","protected":false},"author":1,"featured_media":6459,"comment_status":"open","ping_status":"closed","sticky":false,"template":"","format":"standard","meta":{"neve_meta_sidebar":"","neve_meta_container":"","neve_meta_enable_content_width":"","neve_meta_content_width":0,"neve_meta_title_alignment":"","neve_meta_author_avatar":"","neve_post_elements_order":"","neve_meta_disable_header":"","neve_meta_disable_footer":"","neve_meta_disable_title":"","_themeisle_gutenberg_block_has_review":false,"footnotes":""},"categories":[198],"tags":[],"class_list":["post-6291","post","type-post","status-publish","format-standard","has-post-thumbnail","hentry","category-prise-de-son"],"_links":{"self":[{"href":"https:\/\/www.piegeareves.fr\/studio\/wp-json\/wp\/v2\/posts\/6291","targetHints":{"allow":["GET"]}}],"collection":[{"href":"https:\/\/www.piegeareves.fr\/studio\/wp-json\/wp\/v2\/posts"}],"about":[{"href":"https:\/\/www.piegeareves.fr\/studio\/wp-json\/wp\/v2\/types\/post"}],"author":[{"embeddable":true,"href":"https:\/\/www.piegeareves.fr\/studio\/wp-json\/wp\/v2\/users\/1"}],"replies":[{"embeddable":true,"href":"https:\/\/www.piegeareves.fr\/studio\/wp-json\/wp\/v2\/comments?post=6291"}],"version-history":[{"count":44,"href":"https:\/\/www.piegeareves.fr\/studio\/wp-json\/wp\/v2\/posts\/6291\/revisions"}],"predecessor-version":[{"id":12973,"href":"https:\/\/www.piegeareves.fr\/studio\/wp-json\/wp\/v2\/posts\/6291\/revisions\/12973"}],"wp:featuredmedia":[{"embeddable":true,"href":"https:\/\/www.piegeareves.fr\/studio\/wp-json\/wp\/v2\/media\/6459"}],"wp:attachment":[{"href":"https:\/\/www.piegeareves.fr\/studio\/wp-json\/wp\/v2\/media?parent=6291"}],"wp:term":[{"taxonomy":"category","embeddable":true,"href":"https:\/\/www.piegeareves.fr\/studio\/wp-json\/wp\/v2\/categories?post=6291"},{"taxonomy":"post_tag","embeddable":true,"href":"https:\/\/www.piegeareves.fr\/studio\/wp-json\/wp\/v2\/tags?post=6291"}],"curies":[{"name":"wp","href":"https:\/\/api.w.org\/{rel}","templated":true}]}}