{"id":11711,"date":"2022-06-21T10:00:34","date_gmt":"2022-06-21T08:00:34","guid":{"rendered":"https:\/\/www.piegeareves.fr\/studio\/?p=11711"},"modified":"2022-06-26T11:18:15","modified_gmt":"2022-06-26T09:18:15","slug":"focal-st6-enceintes-de-monitoring","status":"publish","type":"post","link":"https:\/\/www.piegeareves.fr\/studio\/focal-st6-enceintes-de-monitoring\/","title":{"rendered":"Focal ST6 Enceintes de monitoring"},"content":{"rendered":"\n<div style=\"height:50px\" aria-hidden=\"true\" class=\"wp-block-spacer\"><\/div>\n\n\n\n<p><strong>Focal<\/strong> a sorti une nouvelle gamme <a href=\"https:\/\/www.piegeareves.fr\/studio\/enceinte-de-monitoring\/\" target=\"_blank\" rel=\"noopener\">d&rsquo;enceintes de monitoring<\/a> made in France <strong>Focal ST6<\/strong>, compos\u00e9e de l&rsquo;enceinte de proximit\u00e9 2 voies <strong>Focal<\/strong> <strong>Solo6<\/strong> (6,5 pouces), de la 2,5 voies <strong>Focal<\/strong> <strong>Twin6<\/strong> (6,5 pouces) et du Sub <strong>Focal<\/strong>  <strong>Sub12<\/strong> (13 pouces).<\/p>\n\n\n\n<p>La s\u00e9rie est \u00e9quip\u00e9e de <a href=\"https:\/\/www.focal.com\/france\/focal-teach\/la-membrane-sandwich-composite-w\" target=\"_blank\" rel=\"noopener\">membranes composites sandwich \u00ab\u00a0W\u00a0\u00bb<\/a> l\u00e9g\u00e8re et rigide permettant d&rsquo;obtenir un son transparent avec tr\u00e8s peu de distorsion et une tr\u00e8s bonne r\u00e9ponse en phase. Et les tweeters \u00e0 d\u00f4me invers\u00e9 en B\u00e9ryllium capable de couvrir plus de cinq octaves (1 000 Hz &#8211; 40 000 Hz), ce qui lui conf\u00e8re une tr\u00e8s bonne pr\u00e9cision, lin\u00e9arit\u00e9, r\u00e9ponse impulsionnelle et transitoire. Permettant ainsi d&rsquo;entendre les moindres d\u00e9tails d&rsquo;un mix.<\/p>\n\n\n\n<p>\u00c0 cela s&rsquo;ajoute la technologie Focal brevet\u00e9e&nbsp;<strong>Tuned Mass Damper (TMD)<\/strong>, r\u00e9duisant de 50 % la distorsion dans la gamme de fr\u00e9quences de 1 kHz \u00e0 3 kHz<\/p>\n\n\n\n<p>Elles sont dot\u00e9es de multiples options telles que la mise en veille automatique (d\u00e9brayable), d&rsquo;un filtre passe haut et d&rsquo;un filtre \u00e0 160\u2009Hz pour mieux g\u00e9rer les r\u00e9flexions dues aux consoles. Et enfin d&rsquo;un mode <strong>Focus<\/strong> tr\u00e8s int\u00e9ressant qui permet de switcher l&rsquo;enceinte deux voies en une voie full range pour simuler une deuxi\u00e8me paire d&rsquo;enceintes avec une dynamique r\u00e9duite pour v\u00e9rifier l\u2019adaptabilit\u00e9 du mix sur de plus petits syst\u00e8mes. Tr\u00e8s malin !<\/p>\n\n\n\n<p>Pour profiter d\u2019\u00e9coutes immersives avec des installations type <strong>Dolby Atmos\u00ae<\/strong> par exemple ou <strong>Sony 360RA\u00ae<\/strong>, la Solo6 comprend des inserts pour fixations murales et de plafond.<\/p>\n\n\n\n<p>Le <strong>Sub12<\/strong> quant \u00e0 lui est \u00e9quip\u00e9e d&rsquo;un HP de 13 pouces compos\u00e9 d&rsquo;une membrane sandwich en W \u00e9galement. D&rsquo;un amplificateur BASH de 600W RMS impactant et fid\u00e8le. D\u2019\u00e9vents internes et externes afin de r\u00e9duire le bruit et la distorsion. Et de filtre passe bas, passe haut et de phase variable. Ainsi qu&rsquo;un by-pass contr\u00f4lable par une p\u00e9dale au pied.<\/p>\n\n\n\n<div style=\"height:50px\" aria-hidden=\"true\" class=\"wp-block-spacer\"><\/div>\n\n\n\n<figure class=\"wp-block-embed aligncenter is-type-video is-provider-youtube wp-block-embed-youtube wp-embed-aspect-16-9 wp-has-aspect-ratio\"><div class=\"wp-block-embed__wrapper\">\n<div class=\"nv-iframe-embed\"><iframe loading=\"lazy\" title=\"Discover ST6, the new reference monitor standard from Focal\" width=\"1200\" height=\"675\" src=\"https:\/\/www.youtube.com\/embed\/HZwIgZZ_TkQ?feature=oembed\" frameborder=\"0\" allow=\"accelerometer; autoplay; clipboard-write; encrypted-media; gyroscope; picture-in-picture\" allowfullscreen><\/iframe><\/div>\n<\/div><figcaption>Enceinte de monitoring : Focal ST6, Focal Solo6, Focal Twin6, Focal SUB12<\/figcaption><\/figure>\n\n\n\n<div style=\"height:50px\" aria-hidden=\"true\" class=\"wp-block-spacer\"><\/div>\n\n\n\n<h2 class=\"has-text-align-center wp-block-heading\">Focal ST6 en bref<\/h2>\n\n\n\n<div style=\"height:50px\" aria-hidden=\"true\" class=\"wp-block-spacer\"><\/div>\n\n\n\n<figure class=\"wp-block-gallery has-nested-images columns-2 is-cropped wp-block-gallery-1 is-layout-flex wp-block-gallery-is-layout-flex\">\n<figure class=\"wp-block-image size-large\"><a href=\"https:\/\/thmn.to\/thocf\/ucg62d1plk\" target=\"_blank\" rel=\"nofollow sponsored noopener\"><img loading=\"lazy\" decoding=\"async\" width=\"1024\" height=\"1024\" data-id=\"11759\" src=\"https:\/\/www.piegeareves.fr\/studio\/wp-content\/uploads\/2022\/06\/focal-st6-enceintes-de-monitoring-1024x1024.png\" alt=\"Focal ST6 enceintes de monitoring\" class=\"wp-image-11759\" srcset=\"https:\/\/www.piegeareves.fr\/studio\/wp-content\/uploads\/2022\/06\/focal-st6-enceintes-de-monitoring-1024x1024.png 1024w, https:\/\/www.piegeareves.fr\/studio\/wp-content\/uploads\/2022\/06\/focal-st6-enceintes-de-monitoring-100x100.png 100w, https:\/\/www.piegeareves.fr\/studio\/wp-content\/uploads\/2022\/06\/focal-st6-enceintes-de-monitoring-725x725.png 725w, https:\/\/www.piegeareves.fr\/studio\/wp-content\/uploads\/2022\/06\/focal-st6-enceintes-de-monitoring-500x500.png 500w, https:\/\/www.piegeareves.fr\/studio\/wp-content\/uploads\/2022\/06\/focal-st6-enceintes-de-monitoring-300x300.png 300w, https:\/\/www.piegeareves.fr\/studio\/wp-content\/uploads\/2022\/06\/focal-st6-enceintes-de-monitoring-768x768.png 768w, https:\/\/www.piegeareves.fr\/studio\/wp-content\/uploads\/2022\/06\/focal-st6-enceintes-de-monitoring.png 1080w\" sizes=\"auto, (max-width: 1024px) 100vw, 1024px\" \/><\/a><\/figure>\n\n\n\n<figure class=\"wp-block-image size-large\"><a href=\"https:\/\/thmn.to\/thocf\/ucg62d1plk\" target=\"_blank\" rel=\"nofollow sponsored noopener\"><img loading=\"lazy\" decoding=\"async\" width=\"1024\" height=\"1024\" data-id=\"11753\" src=\"https:\/\/www.piegeareves.fr\/studio\/wp-content\/uploads\/2022\/06\/focal-st6-enceintes-de-monitoring-2-1024x1024.png\" alt=\"Focal ST6 enceintes de monitoring\" class=\"wp-image-11753\" srcset=\"https:\/\/www.piegeareves.fr\/studio\/wp-content\/uploads\/2022\/06\/focal-st6-enceintes-de-monitoring-2-1024x1024.png 1024w, https:\/\/www.piegeareves.fr\/studio\/wp-content\/uploads\/2022\/06\/focal-st6-enceintes-de-monitoring-2-100x100.png 100w, https:\/\/www.piegeareves.fr\/studio\/wp-content\/uploads\/2022\/06\/focal-st6-enceintes-de-monitoring-2-725x725.png 725w, https:\/\/www.piegeareves.fr\/studio\/wp-content\/uploads\/2022\/06\/focal-st6-enceintes-de-monitoring-2-500x500.png 500w, https:\/\/www.piegeareves.fr\/studio\/wp-content\/uploads\/2022\/06\/focal-st6-enceintes-de-monitoring-2-300x300.png 300w, https:\/\/www.piegeareves.fr\/studio\/wp-content\/uploads\/2022\/06\/focal-st6-enceintes-de-monitoring-2-768x768.png 768w, https:\/\/www.piegeareves.fr\/studio\/wp-content\/uploads\/2022\/06\/focal-st6-enceintes-de-monitoring-2.png 1080w\" sizes=\"auto, (max-width: 1024px) 100vw, 1024px\" \/><\/a><\/figure>\n\n\n\n<figure class=\"wp-block-image size-large\"><a href=\"https:\/\/thmn.to\/thocf\/ucg62d1plk\" target=\"_blank\" rel=\"nofollow sponsored noopener\"><img loading=\"lazy\" decoding=\"async\" width=\"1024\" height=\"1024\" data-id=\"11754\" src=\"https:\/\/www.piegeareves.fr\/studio\/wp-content\/uploads\/2022\/06\/focal-st6-enceintes-de-monitoring-3-1024x1024.png\" alt=\"Focal ST6 enceintes de monitoring\" class=\"wp-image-11754\" srcset=\"https:\/\/www.piegeareves.fr\/studio\/wp-content\/uploads\/2022\/06\/focal-st6-enceintes-de-monitoring-3-1024x1024.png 1024w, https:\/\/www.piegeareves.fr\/studio\/wp-content\/uploads\/2022\/06\/focal-st6-enceintes-de-monitoring-3-100x100.png 100w, https:\/\/www.piegeareves.fr\/studio\/wp-content\/uploads\/2022\/06\/focal-st6-enceintes-de-monitoring-3-725x725.png 725w, https:\/\/www.piegeareves.fr\/studio\/wp-content\/uploads\/2022\/06\/focal-st6-enceintes-de-monitoring-3-500x500.png 500w, https:\/\/www.piegeareves.fr\/studio\/wp-content\/uploads\/2022\/06\/focal-st6-enceintes-de-monitoring-3-300x300.png 300w, https:\/\/www.piegeareves.fr\/studio\/wp-content\/uploads\/2022\/06\/focal-st6-enceintes-de-monitoring-3-768x768.png 768w, https:\/\/www.piegeareves.fr\/studio\/wp-content\/uploads\/2022\/06\/focal-st6-enceintes-de-monitoring-3.png 1080w\" sizes=\"auto, (max-width: 1024px) 100vw, 1024px\" \/><\/a><\/figure>\n\n\n\n<figure class=\"wp-block-image size-large\"><a href=\"https:\/\/www.thomann.de\/fr\/focal_solo6.htm\" target=\"_blank\" rel=\"nofollow sponsored noopener\"><img loading=\"lazy\" decoding=\"async\" width=\"1024\" height=\"1024\" data-id=\"11755\" src=\"https:\/\/www.piegeareves.fr\/studio\/wp-content\/uploads\/2022\/06\/focal-solo6-enceintes-de-monitoring-2-1024x1024.png\" alt=\"Focal Solo6 enceintes de monitoring\" class=\"wp-image-11755\" srcset=\"https:\/\/www.piegeareves.fr\/studio\/wp-content\/uploads\/2022\/06\/focal-solo6-enceintes-de-monitoring-2-1024x1024.png 1024w, https:\/\/www.piegeareves.fr\/studio\/wp-content\/uploads\/2022\/06\/focal-solo6-enceintes-de-monitoring-2-100x100.png 100w, https:\/\/www.piegeareves.fr\/studio\/wp-content\/uploads\/2022\/06\/focal-solo6-enceintes-de-monitoring-2-725x725.png 725w, https:\/\/www.piegeareves.fr\/studio\/wp-content\/uploads\/2022\/06\/focal-solo6-enceintes-de-monitoring-2-500x500.png 500w, https:\/\/www.piegeareves.fr\/studio\/wp-content\/uploads\/2022\/06\/focal-solo6-enceintes-de-monitoring-2-300x300.png 300w, https:\/\/www.piegeareves.fr\/studio\/wp-content\/uploads\/2022\/06\/focal-solo6-enceintes-de-monitoring-2-768x768.png 768w, https:\/\/www.piegeareves.fr\/studio\/wp-content\/uploads\/2022\/06\/focal-solo6-enceintes-de-monitoring-2.png 1080w\" sizes=\"auto, (max-width: 1024px) 100vw, 1024px\" \/><\/a><\/figure>\n\n\n\n<figure class=\"wp-block-image size-large\"><a href=\"https:\/\/www.thomann.de\/fr\/focal_twin6.htm\" target=\"_blank\" rel=\"nofollow sponsored noopener\"><img loading=\"lazy\" decoding=\"async\" width=\"1024\" height=\"1024\" data-id=\"11757\" src=\"https:\/\/www.piegeareves.fr\/studio\/wp-content\/uploads\/2022\/06\/focal-twin6-enceintes-de-monitoring-2-1024x1024.png\" alt=\"Focal Twin6 enceintes de monitoring\" class=\"wp-image-11757\" srcset=\"https:\/\/www.piegeareves.fr\/studio\/wp-content\/uploads\/2022\/06\/focal-twin6-enceintes-de-monitoring-2-1024x1024.png 1024w, https:\/\/www.piegeareves.fr\/studio\/wp-content\/uploads\/2022\/06\/focal-twin6-enceintes-de-monitoring-2-100x100.png 100w, https:\/\/www.piegeareves.fr\/studio\/wp-content\/uploads\/2022\/06\/focal-twin6-enceintes-de-monitoring-2-725x725.png 725w, https:\/\/www.piegeareves.fr\/studio\/wp-content\/uploads\/2022\/06\/focal-twin6-enceintes-de-monitoring-2-500x500.png 500w, https:\/\/www.piegeareves.fr\/studio\/wp-content\/uploads\/2022\/06\/focal-twin6-enceintes-de-monitoring-2-300x300.png 300w, https:\/\/www.piegeareves.fr\/studio\/wp-content\/uploads\/2022\/06\/focal-twin6-enceintes-de-monitoring-2-768x768.png 768w, https:\/\/www.piegeareves.fr\/studio\/wp-content\/uploads\/2022\/06\/focal-twin6-enceintes-de-monitoring-2.png 1080w\" sizes=\"auto, (max-width: 1024px) 100vw, 1024px\" \/><\/a><\/figure>\n\n\n\n<figure class=\"wp-block-image size-large\"><a href=\"https:\/\/www.thomann.de\/fr\/focal_sub12.htm\" target=\"_blank\" rel=\"nofollow sponsored noopener\"><img loading=\"lazy\" decoding=\"async\" width=\"1024\" height=\"1024\" data-id=\"11756\" src=\"https:\/\/www.piegeareves.fr\/studio\/wp-content\/uploads\/2022\/06\/focal-sub12-enceintes-de-monitoring-2-1024x1024.png\" alt=\"Focal Sub12 enceintes de monitoring\" class=\"wp-image-11756\" srcset=\"https:\/\/www.piegeareves.fr\/studio\/wp-content\/uploads\/2022\/06\/focal-sub12-enceintes-de-monitoring-2-1024x1024.png 1024w, https:\/\/www.piegeareves.fr\/studio\/wp-content\/uploads\/2022\/06\/focal-sub12-enceintes-de-monitoring-2-100x100.png 100w, https:\/\/www.piegeareves.fr\/studio\/wp-content\/uploads\/2022\/06\/focal-sub12-enceintes-de-monitoring-2-725x725.png 725w, https:\/\/www.piegeareves.fr\/studio\/wp-content\/uploads\/2022\/06\/focal-sub12-enceintes-de-monitoring-2-500x500.png 500w, https:\/\/www.piegeareves.fr\/studio\/wp-content\/uploads\/2022\/06\/focal-sub12-enceintes-de-monitoring-2-300x300.png 300w, https:\/\/www.piegeareves.fr\/studio\/wp-content\/uploads\/2022\/06\/focal-sub12-enceintes-de-monitoring-2-768x768.png 768w, https:\/\/www.piegeareves.fr\/studio\/wp-content\/uploads\/2022\/06\/focal-sub12-enceintes-de-monitoring-2.png 1080w\" sizes=\"auto, (max-width: 1024px) 100vw, 1024px\" \/><\/a><\/figure>\n<figcaption class=\"blocks-gallery-caption\">Enceinte de monitoring : Focal ST6, Focal Solo6, Focal Twin6, Focal SUB12<\/figcaption><\/figure>\n\n\n\n<div style=\"height:50px\" aria-hidden=\"true\" class=\"wp-block-spacer\"><\/div>\n\n\n\n<div style=\"height:50px\" aria-hidden=\"true\" class=\"wp-block-spacer\"><\/div>\n\n\n\n<div class=\"wp-block-buttons is-content-justification-center is-layout-flex wp-container-core-buttons-is-layout-16018d1d wp-block-buttons-is-layout-flex\">\n<div class=\"wp-block-button is-style-primary\"><a class=\"wp-block-button__link\" href=\"https:\/\/www.thomann.de\/fr\/focal_solo6.htm\" target=\"_blank\" rel=\"nofollow sponsored noopener\">Focal Solo6<\/a><\/div>\n\n\n\n<div class=\"wp-block-button is-style-primary\"><a class=\"wp-block-button__link\" href=\"https:\/\/www.thomann.de\/fr\/focal_twin6.htm\" target=\"_blank\" rel=\"nofollow sponsored noopener\">Focal Twin6<\/a><\/div>\n\n\n\n<div class=\"wp-block-button is-style-primary\"><a class=\"wp-block-button__link\" href=\"https:\/\/www.thomann.de\/fr\/focal_sub12.htm\" target=\"_blank\" rel=\"nofollow sponsored noopener\">Focal Sub12<\/a><\/div>\n<\/div>\n\n\n\n<div style=\"height:50px\" aria-hidden=\"true\" class=\"wp-block-spacer\"><\/div>\n\n\n\n<p class=\"has-text-align-center\">Plus d&rsquo;infos sur le site de <a href=\"https:\/\/www.focal.com\/france\/pro-audio\/enceintes-de-monitoring\/st6\" target=\"_blank\" rel=\"noopener\"><strong>Focal<\/strong><\/a><\/p>\n\n\n\n<hr class=\"wp-block-separator has-css-opacity\"\/>\n\n\n<div class=\"aligncenter is-style-icons wp-block-themeisle-blocks-sharing-icons\" id=\"wp-block-themeisle-blocks-sharing-icons-f1cb9320\"><div class=\"social-icons-wrap\"><a class=\"social-icon is-facebook\" aria-label=\"Share on Facebook\" href=\"https:\/\/www.facebook.com\/sharer\/sharer.php?u=https:\/\/www.piegeareves.fr\/studio\/studio\/wp-json\/wp\/v2\/posts\/11711&#038;title=Focal%20ST6%20Enceintes%20de%20monitoring\" target=\"_blank\"><svg aria-hidden=\"true\" xmlns=\"http:\/\/www.w3.org\/2000\/svg\" viewBox=\"0 0 512 512\"><!--!Font Awesome Free 6.6.0 by @fontawesome - https:\/\/fontawesome.com License - https:\/\/fontawesome.com\/license\/free Copyright 2024 Fonticons, Inc.--><path d=\"M512 256C512 114.6 397.4 0 256 0S0 114.6 0 256C0 376 82.7 476.8 194.2 504.5V334.2H141.4V256h52.8V222.3c0-87.1 39.4-127.5 125-127.5c16.2 0 44.2 3.2 55.7 6.4V172c-6-.6-16.5-1-29.6-1c-42 0-58.2 15.9-58.2 57.2V256h83.6l-14.4 78.2H287V510.1C413.8 494.8 512 386.9 512 256h0z\"\/><\/svg><span class=\"v-line\"><\/span><\/a><a class=\"social-icon is-twitter\" aria-label=\"Share on X\" href=\"http:\/\/x.com\/share?url=https:\/\/www.piegeareves.fr\/studio\/studio\/wp-json\/wp\/v2\/posts\/11711&#038;text=Focal%20ST6%20Enceintes%20de%20monitoring\" target=\"_blank\"><svg aria-hidden=\"true\" xmlns=\"http:\/\/www.w3.org\/2000\/svg\" viewBox=\"0 0 512 512\"><!--!Font Awesome Free 6.6.0 by @fontawesome - https:\/\/fontawesome.com License - https:\/\/fontawesome.com\/license\/free Copyright 2024 Fonticons, Inc.--><path d=\"M389.2 48h70.6L305.6 224.2 487 464H345L233.7 318.6 106.5 464H35.8L200.7 275.5 26.8 48H172.4L272.9 180.9 389.2 48zM364.4 421.8h39.1L151.1 88h-42L364.4 421.8z\"\/><\/svg><\/a><a class=\"social-icon is-linkedin\" aria-label=\"Share on LinkedIn\" href=\"https:\/\/www.linkedin.com\/shareArticle?mini=true&#038;url=https:\/\/www.piegeareves.fr\/studio\/studio\/wp-json\/wp\/v2\/posts\/11711&#038;title=Focal%20ST6%20Enceintes%20de%20monitoring\" target=\"_blank\"><svg aria-hidden=\"true\" xmlns=\"http:\/\/www.w3.org\/2000\/svg\" viewBox=\"0 0 448 512\"><!--!Font Awesome Free 6.6.0 by @fontawesome - https:\/\/fontawesome.com License - https:\/\/fontawesome.com\/license\/free Copyright 2024 Fonticons, Inc.--><path d=\"M100.3 448H7.4V148.9h92.9zM53.8 108.1C24.1 108.1 0 83.5 0 53.8a53.8 53.8 0 0 1 107.6 0c0 29.7-24.1 54.3-53.8 54.3zM447.9 448h-92.7V302.4c0-34.7-.7-79.2-48.3-79.2-48.3 0-55.7 37.7-55.7 76.7V448h-92.8V148.9h89.1v40.8h1.3c12.4-23.5 42.7-48.3 87.9-48.3 94 0 111.3 61.9 111.3 142.3V448z\"\/><\/svg><span class=\"v-line\"><\/span><\/a><\/div><\/div>\n\n\n<hr class=\"wp-block-separator has-css-opacity\"\/>\n\n\n\n<span data-sumome-listbuilder-embed-id=\"7e89ec55e13368dfe7fda6f06ba464da5b9c8bafc13b5fe2a57e9e7f6cedea11\"><\/span>\n\n\n\n<hr class=\"wp-block-separator has-css-opacity\"\/>\n\n\n\n<h2 class=\"wp-block-heading\" id=\"pour-en-apprendre-plus\">Pour en apprendre plus<\/h2>\n\n\n<ul class=\"wp-block-latest-posts__list is-grid columns-3 wp-block-latest-posts\"><li><div class=\"wp-block-latest-posts__featured-image aligncenter\"><a href=\"https:\/\/www.piegeareves.fr\/studio\/adam-serie-a\/\" aria-label=\"Adam S\u00e9rie A Enceintes de monitoring\"><img loading=\"lazy\" decoding=\"async\" width=\"300\" height=\"300\" src=\"https:\/\/www.piegeareves.fr\/studio\/wp-content\/uploads\/2022\/07\/enceintes-de-monitoring-adam-serie-a-300x300.png\" class=\"attachment-thumbnail size-thumbnail wp-post-image\" alt=\"Adam audio S\u00e9rie A - Eceintes de monitoring\" style=\"\" srcset=\"https:\/\/www.piegeareves.fr\/studio\/wp-content\/uploads\/2022\/07\/enceintes-de-monitoring-adam-serie-a-300x300.png 300w, https:\/\/www.piegeareves.fr\/studio\/wp-content\/uploads\/2022\/07\/enceintes-de-monitoring-adam-serie-a-100x100.png 100w\" sizes=\"auto, (max-width: 300px) 100vw, 300px\" \/><\/a><\/div><a class=\"wp-block-latest-posts__post-title\" href=\"https:\/\/www.piegeareves.fr\/studio\/adam-serie-a\/\">Adam S\u00e9rie A Enceintes de monitoring<\/a><\/li>\n<li><div class=\"wp-block-latest-posts__featured-image aligncenter\"><a href=\"https:\/\/www.piegeareves.fr\/studio\/focal-st6-enceintes-de-monitoring\/\" aria-label=\"Focal ST6 Enceintes de monitoring\"><img loading=\"lazy\" decoding=\"async\" width=\"300\" height=\"300\" src=\"https:\/\/www.piegeareves.fr\/studio\/wp-content\/uploads\/2022\/06\/focal-ST6-enceintes-de-monitoring-1-300x300.png\" class=\"attachment-thumbnail size-thumbnail wp-post-image\" alt=\"focal ST6 enceintes de monitoring\" style=\"\" srcset=\"https:\/\/www.piegeareves.fr\/studio\/wp-content\/uploads\/2022\/06\/focal-ST6-enceintes-de-monitoring-1-300x300.png 300w, https:\/\/www.piegeareves.fr\/studio\/wp-content\/uploads\/2022\/06\/focal-ST6-enceintes-de-monitoring-1-100x100.png 100w\" sizes=\"auto, (max-width: 300px) 100vw, 300px\" \/><\/a><\/div><a class=\"wp-block-latest-posts__post-title\" href=\"https:\/\/www.piegeareves.fr\/studio\/focal-st6-enceintes-de-monitoring\/\">Focal ST6 Enceintes de monitoring<\/a><\/li>\n<li><div class=\"wp-block-latest-posts__featured-image aligncenter\"><a href=\"https:\/\/www.piegeareves.fr\/studio\/casque-studio\/\" aria-label=\"TOP casque studio\"><img loading=\"lazy\" decoding=\"async\" width=\"300\" height=\"300\" src=\"https:\/\/www.piegeareves.fr\/studio\/wp-content\/uploads\/2020\/04\/alex-holyoake-beyerdynamic-_dt_770_pro-300x300.jpg\" class=\"attachment-thumbnail size-thumbnail wp-post-image\" alt=\"beyerdynamic dt 770 pro\" style=\"\" \/><\/a><\/div><a class=\"wp-block-latest-posts__post-title\" href=\"https:\/\/www.piegeareves.fr\/studio\/casque-studio\/\">TOP casque studio<\/a><\/li>\n<\/ul>","protected":false},"excerpt":{"rendered":"<p>Focal sort sa nouvelle gamme d&rsquo;enceintes Focal ST6, compos\u00e9 de la Solo6, Twin6 et Sub12. La voici en d\u00e9tail.<\/p>\n","protected":false},"author":1,"featured_media":11763,"comment_status":"open","ping_status":"closed","sticky":false,"template":"","format":"standard","meta":{"neve_meta_sidebar":"","neve_meta_container":"","neve_meta_enable_content_width":"","neve_meta_content_width":0,"neve_meta_title_alignment":"","neve_meta_author_avatar":"","neve_post_elements_order":"","neve_meta_disable_header":"","neve_meta_disable_footer":"","neve_meta_disable_title":"","_themeisle_gutenberg_block_has_review":false,"footnotes":""},"categories":[183],"tags":[],"class_list":["post-11711","post","type-post","status-publish","format-standard","has-post-thumbnail","hentry","category-monitoring"],"_links":{"self":[{"href":"https:\/\/www.piegeareves.fr\/studio\/wp-json\/wp\/v2\/posts\/11711","targetHints":{"allow":["GET"]}}],"collection":[{"href":"https:\/\/www.piegeareves.fr\/studio\/wp-json\/wp\/v2\/posts"}],"about":[{"href":"https:\/\/www.piegeareves.fr\/studio\/wp-json\/wp\/v2\/types\/post"}],"author":[{"embeddable":true,"href":"https:\/\/www.piegeareves.fr\/studio\/wp-json\/wp\/v2\/users\/1"}],"replies":[{"embeddable":true,"href":"https:\/\/www.piegeareves.fr\/studio\/wp-json\/wp\/v2\/comments?post=11711"}],"version-history":[{"count":15,"href":"https:\/\/www.piegeareves.fr\/studio\/wp-json\/wp\/v2\/posts\/11711\/revisions"}],"predecessor-version":[{"id":11768,"href":"https:\/\/www.piegeareves.fr\/studio\/wp-json\/wp\/v2\/posts\/11711\/revisions\/11768"}],"wp:featuredmedia":[{"embeddable":true,"href":"https:\/\/www.piegeareves.fr\/studio\/wp-json\/wp\/v2\/media\/11763"}],"wp:attachment":[{"href":"https:\/\/www.piegeareves.fr\/studio\/wp-json\/wp\/v2\/media?parent=11711"}],"wp:term":[{"taxonomy":"category","embeddable":true,"href":"https:\/\/www.piegeareves.fr\/studio\/wp-json\/wp\/v2\/categories?post=11711"},{"taxonomy":"post_tag","embeddable":true,"href":"https:\/\/www.piegeareves.fr\/studio\/wp-json\/wp\/v2\/tags?post=11711"}],"curies":[{"name":"wp","href":"https:\/\/api.w.org\/{rel}","templated":true}]}}